{"id":12846,"date":"2024-08-04T19:46:34","date_gmt":"2024-08-04T23:46:34","guid":{"rendered":"https:\/\/prensapresidencialvenezuela.gob.ve\/?p=12846"},"modified":"2024-08-04T19:46:35","modified_gmt":"2024-08-04T23:46:35","slug":"presidente-fustiga-el-incongruente-discurso-promovido-por-la-ue","status":"publish","type":"post","link":"https:\/\/prensapresidencialvenezuela.gob.ve\/index.php\/2024\/08\/04\/presidente-fustiga-el-incongruente-discurso-promovido-por-la-ue\/","title":{"rendered":"Presidente fustiga el incongruente discurso promovido por la UE"},"content":{"rendered":"\n<p>Ministerio de la Defensa, Caracas.-El presidente de la Rep\u00fablica Bolivariana de Venezuela, Nicol\u00e1s Maduro, fustig\u00f3 que la Uni\u00f3n Europea (UE) promueva de nuevo un discurso incongruente, al referirse acerca de Venezuela.<\/p>\n\n\n\n<p>\u00abLa misma Uni\u00f3n Europea que reconoci\u00f3 a Guaid\u00f3, una verg\u00fcenza, el se\u00f1or Borrell (El alto representante de la Uni\u00f3n Europea para Asuntos Exteriores) que llev\u00f3 a Ucrania a una guerra y ahora se lava las manos, calla ante la masacre de Gaza y el genocidio (\u2026) ahora dice que en Venezuela hay represi\u00f3n a manifestaciones pacificas\u201d, ilustr\u00f3 el Mandatario, desde el Puesto de Comando instalado este domingo en el Ministerio de la Defensa.<\/p>\n\n\n\n<p>All\u00ed, tambi\u00e9n el &nbsp;Comandante en Jefe de la FANB anunci\u00f3 que redoblar\u00e1 todo su apoyo para consolidar el componente Guardia Nacional Bolivariana en todos los sentidos. \u201cEn su capacidad operativa, de sus profesionales y bienestar social. Hay que hacer mucho m\u00e1s para consolidarla\u201d, porque le \u201ctocan misiones fundamentales en uni\u00f3n con nuestro pueblo\u201d.<\/p>\n\n\n\n<p>Adem\u00e1s, dijo que se implementar\u00e1n nuevas f\u00f3rmulas para que el pueblo, desde los Cuadrantes de Paz, cuente con una capacidad de reacci\u00f3n \u00abante los delincuentes y criminales del fascismo. Es un compromiso que he hecho con el pueblo en las calles: Protegerlo\u201d.<\/p>\n\n\n\n<p>El Mandatario llam\u00f3 a activar los nuevos planes de los Cuadrantes de Paz en su nueva etapa y con la actualizaci\u00f3n tecnol\u00f3gica que fortalezca el v\u00ednculo entre las comunidades y su capacidad de reacci\u00f3n, al dirigirse al ministro del Poder Popular para las Relaciones Interiores, Justicia y Paz, Remigio Ceballos Ichaso, desde el Puesto de Comando.<\/p>\n\n\n\n<p>En esta l\u00ednea, el presidente Maduro se\u00f1al\u00f3 que espera \u201crecomendaciones del m\u00e1s alto nivel de la Seguridad de la Naci\u00f3n, Consejo de Seguridad, Consejo de Defensa. Necesito recomendaciones sobre este tema\u201d, al manifestar que \u201cm\u00e1s del 92 % del pa\u00eds repudia en\u00e9rgicamente los brotes de violencia fascista\u201d.<\/p>\n\n\n\n<p>Prensa Presidencial<\/p>\n\n\n\n<p><\/p>\n","protected":false},"excerpt":{"rendered":"<p>Ministerio de la Defensa, Caracas.-El presidente de la Rep\u00fablica Bolivariana de Venezuela, Nicol\u00e1s Maduro, fustig\u00f3 que la Uni\u00f3n Europea (UE) promueva de nuevo un discurso incongruente, al referirse acerca de Venezuela. \u00abLa misma Uni\u00f3n Europea que reconoci\u00f3 a Guaid\u00f3, una verg\u00fcenza, el se\u00f1or Borrell (El alto representante de la Uni\u00f3n Europea para Asuntos Exteriores) que [&hellip;]<\/p>\n","protected":false},"author":1,"featured_media":12847,"comment_status":"open","ping_status":"open","sticky":false,"template":"","format":"standard","meta":{"footnotes":""},"categories":[18,7],"tags":[744,743],"class_list":["post-12846","post","type-post","status-publish","format-standard","has-post-thumbnail","hentry","category-noticias-principales","category-notas-de-prensa","tag-discurso","tag-europa"],"_links":{"self":[{"href":"https:\/\/prensapresidencialvenezuela.gob.ve\/index.php\/wp-json\/wp\/v2\/posts\/12846","targetHints":{"allow":["GET"]}}],"collection":[{"href":"https:\/\/prensapresidencialvenezuela.gob.ve\/index.php\/wp-json\/wp\/v2\/posts"}],"about":[{"href":"https:\/\/prensapresidencialvenezuela.gob.ve\/index.php\/wp-json\/wp\/v2\/types\/post"}],"author":[{"embeddable":true,"href":"https:\/\/prensapresidencialvenezuela.gob.ve\/index.php\/wp-json\/wp\/v2\/users\/1"}],"replies":[{"embeddable":true,"href":"https:\/\/prensapresidencialvenezuela.gob.ve\/index.php\/wp-json\/wp\/v2\/comments?post=12846"}],"version-history":[{"count":1,"href":"https:\/\/prensapresidencialvenezuela.gob.ve\/index.php\/wp-json\/wp\/v2\/posts\/12846\/revisions"}],"predecessor-version":[{"id":12848,"href":"https:\/\/prensapresidencialvenezuela.gob.ve\/index.php\/wp-json\/wp\/v2\/posts\/12846\/revisions\/12848"}],"wp:featuredmedia":[{"embeddable":true,"href":"https:\/\/prensapresidencialvenezuela.gob.ve\/index.php\/wp-json\/wp\/v2\/media\/12847"}],"wp:attachment":[{"href":"https:\/\/prensapresidencialvenezuela.gob.ve\/index.php\/wp-json\/wp\/v2\/media?parent=12846"}],"wp:term":[{"taxonomy":"category","embeddable":true,"href":"https:\/\/prensapresidencialvenezuela.gob.ve\/index.php\/wp-json\/wp\/v2\/categories?post=12846"},{"taxonomy":"post_tag","embeddable":true,"href":"https:\/\/prensapresidencialvenezuela.gob.ve\/index.php\/wp-json\/wp\/v2\/tags?post=12846"}],"curies":[{"name":"wp","href":"https:\/\/api.w.org\/{rel}","templated":true}]}}