{"id":12849,"date":"2024-08-05T22:11:21","date_gmt":"2024-08-06T02:11:21","guid":{"rendered":"https:\/\/prensapresidencialvenezuela.gob.ve\/?p=12849"},"modified":"2024-08-05T22:11:21","modified_gmt":"2024-08-06T02:11:21","slug":"maduro-rompe-relaciones-con-whatsapp-y-llama-a-la-juventud-a-perseverar-por-la-paz","status":"publish","type":"post","link":"https:\/\/prensapresidencialvenezuela.gob.ve\/index.php\/2024\/08\/05\/maduro-rompe-relaciones-con-whatsapp-y-llama-a-la-juventud-a-perseverar-por-la-paz\/","title":{"rendered":"Maduro rompe relaciones con WhatsApp y llama a la juventud a perseverar por la paz"},"content":{"rendered":"\n<p><strong>Palacio de Miraflores, Caracas.-<\/strong> Durante el recibimiento de la Gran Marcha de la Juventud y los Estudiantes Venezolanos por la Defensa de la Paz, en el Palacio de Miraflores el presidente de la Rep\u00fablica Bolivariana de Venezuela, Nicol\u00e1s Maduro Moros, felicit\u00f3 a la juventud por su fuerza y les inst\u00f3 a seguir perseverando por el camino de una Patria libre.<\/p>\n\n\n\n<p>En este acto, el Jefe de Estado anunci\u00f3 que romper\u00e1 relaciones con la red social WhatsApp, porque \u00abla est\u00e1n utilizando para amenazar a Venezuela (\u2026) voy a eliminar WhatsApp de mi tel\u00e9fono para siempre\u00bb, subray\u00f3.<\/p>\n\n\n\n<p>El presidente venezolano enfatiz\u00f3 la importancia de estar del lado de la paz en tiempos de definiciones.<\/p>\n\n\n\n<p>\u00abO est\u00e1s con la violencia o con la paz, o est\u00e1s con los fascista o con la Patria, o est\u00e1s con el imperialismo o con Venezuela\u00bb, declar\u00f3.<\/p>\n\n\n\n<p>Dirigi\u00e9ndose a la juventud, Maduro inst\u00f3 a mejorar los m\u00e9todos de trabajo para avanzar con la Gran Misi\u00f3n Venezuela Joven y asegurarse de \u201cque le llegue a todos los j\u00f3venes del pa\u00eds\u201d, instruy\u00f3.<\/p>\n\n\n\n<p>En este contexto, particip\u00f3 el inicio del Plan Vacacional \u00abVacaciones 2024\u00bb el mi\u00e9rcoles 7 de agosto, con la participaci\u00f3n del Movimiento Nacional de Recreadores. \u00abVamos a trabajar\u00bb, llam\u00f3 el Dignatario nacional a toda la juventud.<\/p>\n\n\n\n<p><strong>Prensa Presidencial \/&nbsp; Eduardo Hueck<\/strong><\/p>\n\n\n\n<p><\/p>\n","protected":false},"excerpt":{"rendered":"<p>Palacio de Miraflores, Caracas.- Durante el recibimiento de la Gran Marcha de la Juventud y los Estudiantes Venezolanos por la Defensa de la Paz, en el Palacio de Miraflores el presidente de la Rep\u00fablica Bolivariana de Venezuela, Nicol\u00e1s Maduro Moros, felicit\u00f3 a la juventud por su fuerza y les inst\u00f3 a seguir perseverando por el [&hellip;]<\/p>\n","protected":false},"author":1,"featured_media":12850,"comment_status":"open","ping_status":"open","sticky":false,"template":"","format":"standard","meta":{"footnotes":""},"categories":[18,7],"tags":[739,719],"class_list":["post-12849","post","type-post","status-publish","format-standard","has-post-thumbnail","hentry","category-noticias-principales","category-notas-de-prensa","tag-emancipacion","tag-redes"],"_links":{"self":[{"href":"https:\/\/prensapresidencialvenezuela.gob.ve\/index.php\/wp-json\/wp\/v2\/posts\/12849","targetHints":{"allow":["GET"]}}],"collection":[{"href":"https:\/\/prensapresidencialvenezuela.gob.ve\/index.php\/wp-json\/wp\/v2\/posts"}],"about":[{"href":"https:\/\/prensapresidencialvenezuela.gob.ve\/index.php\/wp-json\/wp\/v2\/types\/post"}],"author":[{"embeddable":true,"href":"https:\/\/prensapresidencialvenezuela.gob.ve\/index.php\/wp-json\/wp\/v2\/users\/1"}],"replies":[{"embeddable":true,"href":"https:\/\/prensapresidencialvenezuela.gob.ve\/index.php\/wp-json\/wp\/v2\/comments?post=12849"}],"version-history":[{"count":1,"href":"https:\/\/prensapresidencialvenezuela.gob.ve\/index.php\/wp-json\/wp\/v2\/posts\/12849\/revisions"}],"predecessor-version":[{"id":12851,"href":"https:\/\/prensapresidencialvenezuela.gob.ve\/index.php\/wp-json\/wp\/v2\/posts\/12849\/revisions\/12851"}],"wp:featuredmedia":[{"embeddable":true,"href":"https:\/\/prensapresidencialvenezuela.gob.ve\/index.php\/wp-json\/wp\/v2\/media\/12850"}],"wp:attachment":[{"href":"https:\/\/prensapresidencialvenezuela.gob.ve\/index.php\/wp-json\/wp\/v2\/media?parent=12849"}],"wp:term":[{"taxonomy":"category","embeddable":true,"href":"https:\/\/prensapresidencialvenezuela.gob.ve\/index.php\/wp-json\/wp\/v2\/categories?post=12849"},{"taxonomy":"post_tag","embeddable":true,"href":"https:\/\/prensapresidencialvenezuela.gob.ve\/index.php\/wp-json\/wp\/v2\/tags?post=12849"}],"curies":[{"name":"wp","href":"https:\/\/api.w.org\/{rel}","templated":true}]}}