{"id":1285,"date":"2022-02-22T15:25:00","date_gmt":"2022-02-22T15:25:00","guid":{"rendered":"http:\/\/172.27.0.121\/?p=1285"},"modified":"2022-06-07T15:27:11","modified_gmt":"2022-06-07T15:27:11","slug":"presidente-maduro-expresa-su-respaldo-a-vladimir-putin-en-la-defensa-de-su-pueblo-y-su-patria","status":"publish","type":"post","link":"https:\/\/prensapresidencialvenezuela.gob.ve\/index.php\/2022\/02\/22\/presidente-maduro-expresa-su-respaldo-a-vladimir-putin-en-la-defensa-de-su-pueblo-y-su-patria\/","title":{"rendered":"Presidente Maduro expresa su respaldo a Vladimir Putin en la defensa de su pueblo y su Patria"},"content":{"rendered":"\n<p><strong>Palacio de Miraflores, Caracas.-<\/strong> \u201cSabemos que Putin est\u00e1 defendiendo el derecho a la paz y la dignidad del pueblo ruso, de los pueblos del mundo y del equilibrio mundial\u201d, sentenci\u00f3 el presidente de la Rep\u00fablica Bolivariana de Venezuela, Nicol\u00e1s Maduro Moros, al expresar su pleno apoyo a la Federaci\u00f3n de Rusia ante las amenazas a su seguridad nacional por parte de la Organizaci\u00f3n del Tratado del Atl\u00e1ntico Norte (OTAN).<\/p>\n\n\n\n<p>\u201cVenezuela anuncia todo su respaldo al presidente Vladimir Putin en la defensa de la paz de Rusia, en la defensa valiente de su pueblo y su Patria\u201d, dijo Maduro durante una alocuci\u00f3n realizada desde el Palacio de Miraflores, en Caracas.<\/p>\n\n\n\n<p>Al referirse a los \u00faltimos acontecimientos ocurridos en la regi\u00f3n de Dombass, el Jefe de Estado inform\u00f3 que Venezuela est\u00e1 atenta, observando la evoluci\u00f3n de los acontecimientos sin dejarse llevar por \u201ccantos imperialistas, campa\u00f1as mundiales y mentiras repetidas mil veces\u201d.<\/p>\n\n\n\n<p>Asimismo, el presidente Maduro denunci\u00f3 que se ha desatado una campa\u00f1a de manipulaci\u00f3n mundial en contra de Rusia y su presidente, Vladimir Putin, y en ese sentido, exhort\u00f3 a los pueblos del mundo a explicar y desmontar con la verdad todas las mentiras que se han erigido en contra de la naci\u00f3n euroasi\u00e1tica.<\/p>\n\n\n\n<p>Maduro rechaz\u00f3 la violaci\u00f3n de los acuerdos firmados en la d\u00e9cada de los 90, mediante los cuales se establece que la infraestructura militar de la OTAN no se acercar\u00eda y respetar\u00eda a las fronteras rusas.<\/p>\n\n\n\n<p>\u201cDe manera paciente el presidente Putin ha planteado el incumplimiento de esos acuerdos y el peligro de que la OTAN despliegue sus armas, incluyendo armas at\u00f3micas, apuntando a Rusia desde todas su fronteras hacia el este de Europa\u201d.<\/p>\n\n\n\n<p>En esa l\u00ednea, el Dignatario venezolano asever\u00f3 que el imperio estadounidense promovi\u00f3 la desestabilizaci\u00f3n de Ucrania hasta alcanzar la ejecuci\u00f3n de un golpe de Estado, que posteriormente desat\u00f3 la persecuci\u00f3n y masacre por parte de grupos fascistas.<\/p>\n\n\n\n<p>Rusia siempre ha abogado por la v\u00eda diplom\u00e1tica, entendiendo su responsabilidad por la estabilidad regional y es por ello que se estableci\u00f3 una mesa de negociaci\u00f3n y se firmaron los acuerdos de Minsk, pero \u201cla \u00e9lite fascista, que dio el golpe de Estado en Ucrania, se ha mantenido alejada de la diplomacia, el respeto y el di\u00e1logo y han preferido sumarse a los planes de agresi\u00f3n contra Rusia\u201d denunci\u00f3.<\/p>\n\n\n\n<p>Maduro resalt\u00f3 que el presidente Putin ha venido denunciando las pretensiones de rodear militarmente a Rusia cuyo objetivo ser\u00eda atacar y destruir a la naci\u00f3n euroasi\u00e1tica .<\/p>\n\n\n\n<p>\u201cY \u00bfQu\u00e9 pretende el mundo? \u00bfQu\u00e9 el presidente Putin se quede de brazos cruzados y no actu\u00e9 en defensa de su pueblo? (\u2026) Venezuela est\u00e1 con Putin, esta con Rusia, esta con las causas valientes del mundo. \u00a1Nos vamos a restear cada vez m\u00e1s! \u00a1La paz de Rusia es la paz del mundo!\u201d.<\/p>\n\n\n\n<p><strong>Prensa Presidencial<\/strong><\/p>\n","protected":false},"excerpt":{"rendered":"<p>Palacio de Miraflores, Caracas.- \u201cSabemos que Putin est\u00e1 defendiendo el derecho a la paz y la dignidad del pueblo ruso, de los pueblos del mundo y del equilibrio mundial\u201d, sentenci\u00f3 el presidente de la Rep\u00fablica Bolivariana de Venezuela, Nicol\u00e1s Maduro Moros, al expresar su pleno apoyo a la Federaci\u00f3n de Rusia ante las amenazas a [&hellip;]<\/p>\n","protected":false},"author":6,"featured_media":1286,"comment_status":"open","ping_status":"open","sticky":false,"template":"","format":"standard","meta":{"footnotes":""},"categories":[7],"tags":[],"class_list":["post-1285","post","type-post","status-publish","format-standard","has-post-thumbnail","hentry","category-notas-de-prensa"],"_links":{"self":[{"href":"https:\/\/prensapresidencialvenezuela.gob.ve\/index.php\/wp-json\/wp\/v2\/posts\/1285","targetHints":{"allow":["GET"]}}],"collection":[{"href":"https:\/\/prensapresidencialvenezuela.gob.ve\/index.php\/wp-json\/wp\/v2\/posts"}],"about":[{"href":"https:\/\/prensapresidencialvenezuela.gob.ve\/index.php\/wp-json\/wp\/v2\/types\/post"}],"author":[{"embeddable":true,"href":"https:\/\/prensapresidencialvenezuela.gob.ve\/index.php\/wp-json\/wp\/v2\/users\/6"}],"replies":[{"embeddable":true,"href":"https:\/\/prensapresidencialvenezuela.gob.ve\/index.php\/wp-json\/wp\/v2\/comments?post=1285"}],"version-history":[{"count":1,"href":"https:\/\/prensapresidencialvenezuela.gob.ve\/index.php\/wp-json\/wp\/v2\/posts\/1285\/revisions"}],"predecessor-version":[{"id":1287,"href":"https:\/\/prensapresidencialvenezuela.gob.ve\/index.php\/wp-json\/wp\/v2\/posts\/1285\/revisions\/1287"}],"wp:featuredmedia":[{"embeddable":true,"href":"https:\/\/prensapresidencialvenezuela.gob.ve\/index.php\/wp-json\/wp\/v2\/media\/1286"}],"wp:attachment":[{"href":"https:\/\/prensapresidencialvenezuela.gob.ve\/index.php\/wp-json\/wp\/v2\/media?parent=1285"}],"wp:term":[{"taxonomy":"category","embeddable":true,"href":"https:\/\/prensapresidencialvenezuela.gob.ve\/index.php\/wp-json\/wp\/v2\/categories?post=1285"},{"taxonomy":"post_tag","embeddable":true,"href":"https:\/\/prensapresidencialvenezuela.gob.ve\/index.php\/wp-json\/wp\/v2\/tags?post=1285"}],"curies":[{"name":"wp","href":"https:\/\/api.w.org\/{rel}","templated":true}]}}