{"id":12852,"date":"2024-08-05T22:16:43","date_gmt":"2024-08-06T02:16:43","guid":{"rendered":"https:\/\/prensapresidencialvenezuela.gob.ve\/?p=12852"},"modified":"2024-08-05T22:17:15","modified_gmt":"2024-08-06T02:17:15","slug":"maduro-expresa-solidaridad-con-el-pueblo-del-reino-unido-tras-violencia-producto-de-la-polarizacion","status":"publish","type":"post","link":"https:\/\/prensapresidencialvenezuela.gob.ve\/index.php\/2024\/08\/05\/maduro-expresa-solidaridad-con-el-pueblo-del-reino-unido-tras-violencia-producto-de-la-polarizacion\/","title":{"rendered":"Maduro expresa solidaridad con el pueblo del Reino Unido tras violencia producto de la polarizaci\u00f3n"},"content":{"rendered":"\n<p><strong>Palacio de Miraflores, Caracas.-<\/strong> El presidente de la Rep\u00fablica Bolivariana de Venezuela, Nicol\u00e1s Maduro Moros, ha expresado su solidaridad con el pueblo del Reino Unido luego de hechos de violencia producto de la polarizaci\u00f3n que viven muchos pa\u00edses de Europa.<\/p>\n\n\n\n<p>\u201cToda mi solidaridad con el pueblo del Reino Unido que, como muchos pa\u00edses en Europa est\u00e1n viviendo una divisi\u00f3n, una polarizaci\u00f3n que los ha llevado al odio de distintos grupos sociales y raciales, los antiinmigrantes que persiguen a los migrantes y a los migrantes establecidos como mano de obra barata s\u00faper explotada en estos pa\u00edses europeos durante 30, 40 a\u00f1os que ya son ciudadanos\u201d, pormenoriz\u00f3.<\/p>\n\n\n\n<p>Se refiri\u00f3 a las declaraciones del nuevo primer ministro del Reino Unido, quien calific\u00f3 a los grupos ultraderechistas anti-migrantes como \u00ablos matones de la ultraderecha\u00bb y se\u00f1al\u00f3 una ola de violencia alimentada por las redes sociales.<\/p>\n\n\n\n<p>\u201cDec\u00eda que se hab\u00eda organizado una ola de violencia producto de las redes sociales, dec\u00edan que Tik Tok e Instagram hab\u00eda alimentado el proceso de esta ola de violencia y que iban a actuar con todo el peso de la ley\u201d, destac\u00f3.<\/p>\n\n\n\n<p>Asimismo, detall\u00f3 que la naci\u00f3n europea posee \u201cun sistema que es muy efectivo de reconocimiento facial, quiere decir que se fueron casa por casa a allanar hogar por hogar, para detener a los que amenazaron, hirieron, destruyeron a barrios enteros de gente humilde\u201d.<\/p>\n\n\n\n<p>\u201cLa extrema derecha quiere resurgir en el mundo a trav\u00e9s de intimidar a la sociedad, a trav\u00e9s de imponerse por la fuerza, pero ya saben que aqu\u00ed no, no pasar\u00e1n\u201d, destac\u00f3 al ejemplificar lo ocurrido en la naci\u00f3n venezolana el lunes y martes pasados.<\/p>\n\n\n\n<p>La informaci\u00f3n fue destacada durante la emisi\u00f3n del programa n\u00famero 53 del programa \u201cCon Maduro +\u201d, moderado por el presidente Nicol\u00e1s Maduro.<\/p>\n\n\n\n<p><strong>Prensa Presidencial \/&nbsp; Eduardo Hueck<\/strong><\/p>\n","protected":false},"excerpt":{"rendered":"<p>Palacio de Miraflores, Caracas.- El presidente de la Rep\u00fablica Bolivariana de Venezuela, Nicol\u00e1s Maduro Moros, ha expresado su solidaridad con el pueblo del Reino Unido luego de hechos de violencia producto de la polarizaci\u00f3n que viven muchos pa\u00edses de Europa. \u201cToda mi solidaridad con el pueblo del Reino Unido que, como muchos pa\u00edses en Europa [&hellip;]<\/p>\n","protected":false},"author":1,"featured_media":12854,"comment_status":"open","ping_status":"open","sticky":false,"template":"","format":"standard","meta":{"footnotes":""},"categories":[18,7],"tags":[745,185],"class_list":["post-12852","post","type-post","status-publish","format-standard","has-post-thumbnail","hentry","category-noticias-principales","category-notas-de-prensa","tag-naciones","tag-solidaridad"],"_links":{"self":[{"href":"https:\/\/prensapresidencialvenezuela.gob.ve\/index.php\/wp-json\/wp\/v2\/posts\/12852","targetHints":{"allow":["GET"]}}],"collection":[{"href":"https:\/\/prensapresidencialvenezuela.gob.ve\/index.php\/wp-json\/wp\/v2\/posts"}],"about":[{"href":"https:\/\/prensapresidencialvenezuela.gob.ve\/index.php\/wp-json\/wp\/v2\/types\/post"}],"author":[{"embeddable":true,"href":"https:\/\/prensapresidencialvenezuela.gob.ve\/index.php\/wp-json\/wp\/v2\/users\/1"}],"replies":[{"embeddable":true,"href":"https:\/\/prensapresidencialvenezuela.gob.ve\/index.php\/wp-json\/wp\/v2\/comments?post=12852"}],"version-history":[{"count":1,"href":"https:\/\/prensapresidencialvenezuela.gob.ve\/index.php\/wp-json\/wp\/v2\/posts\/12852\/revisions"}],"predecessor-version":[{"id":12853,"href":"https:\/\/prensapresidencialvenezuela.gob.ve\/index.php\/wp-json\/wp\/v2\/posts\/12852\/revisions\/12853"}],"wp:featuredmedia":[{"embeddable":true,"href":"https:\/\/prensapresidencialvenezuela.gob.ve\/index.php\/wp-json\/wp\/v2\/media\/12854"}],"wp:attachment":[{"href":"https:\/\/prensapresidencialvenezuela.gob.ve\/index.php\/wp-json\/wp\/v2\/media?parent=12852"}],"wp:term":[{"taxonomy":"category","embeddable":true,"href":"https:\/\/prensapresidencialvenezuela.gob.ve\/index.php\/wp-json\/wp\/v2\/categories?post=12852"},{"taxonomy":"post_tag","embeddable":true,"href":"https:\/\/prensapresidencialvenezuela.gob.ve\/index.php\/wp-json\/wp\/v2\/tags?post=12852"}],"curies":[{"name":"wp","href":"https:\/\/api.w.org\/{rel}","templated":true}]}}