{"id":12855,"date":"2024-08-05T22:30:14","date_gmt":"2024-08-06T02:30:14","guid":{"rendered":"https:\/\/prensapresidencialvenezuela.gob.ve\/?p=12855"},"modified":"2024-08-05T22:30:15","modified_gmt":"2024-08-06T02:30:15","slug":"presidente-maduro-alerta-que-el-primer-ministro-de-israel-busca-incendiar-el-medio-oriente","status":"publish","type":"post","link":"https:\/\/prensapresidencialvenezuela.gob.ve\/index.php\/2024\/08\/05\/presidente-maduro-alerta-que-el-primer-ministro-de-israel-busca-incendiar-el-medio-oriente\/","title":{"rendered":"Presidente Maduro alerta que el primer ministro de Israel busca incendiar el Medio Oriente"},"content":{"rendered":"\n<p><strong>Palacio de Miraflores, Caracas.-<\/strong> El presidente de la Rep\u00fablica Bolivariana de Venezuela, Nicol\u00e1s Maduro Moros, alert\u00f3 a la comunidad internacional que el primer ministro de Israel, Benjam\u00edn Netanyahu, busca incendiar todo el Medio Oriente.<\/p>\n\n\n\n<p>\u201cEst\u00e1 buscando incendiar todo el Medio Oriente con una guerra que uno no sabe c\u00f3mo puede empezar, pero uno sabe las derivaciones y el impacto que va a tener en medio de una econom\u00eda estadounidense y occidental en recepci\u00f3n\u201d, denunci\u00f3.<\/p>\n\n\n\n<p>Asimismo, acentu\u00f3 que \u00abNetanyahu est\u00e1 llevando a Israel hacia una autodestrucci\u00f3n y adem\u00e1s est\u00e1 escalando los niveles de violencia muy parecido a la \u00e9poca de Hitler\u201d.<\/p>\n\n\n\n<p>En esa l\u00ednea, indic\u00f3 que \u201cHitler fue un proyecto del capitalismo occidental contra la Uni\u00f3n Sovi\u00e9tica y cuando Hitler se consider\u00f3 ya con el poder pol\u00edtico, militar, econ\u00f3mico suficiente, sencillamente empez\u00f3 a desarrollar su propio proyecto, as\u00ed est\u00e1 Netanyahu\u201d compar\u00f3.<\/p>\n\n\n\n<p>El Mandatario venezolano se\u00f1al\u00f3 que tras la visita, al pa\u00eds norteamericano, de&nbsp; Netanyahu recibi\u00f3 apoyo de la \u00e9lite estadounidense para llevar a cabo acciones agresivas en el Medio Oriente, con una posible escalada de conflictos en la regi\u00f3n.<\/p>\n\n\n\n<p>\u201cPudiera ser una guerra de mayor dimensi\u00f3n que supere a la de Ucrania y que supere a la guerra al genocidio de Gaza, porque estamos hablando de potentes unidades militares del L\u00edbano, de Yemen, de Irak, de Ir\u00e1n, entre otras\u201d, acentu\u00f3.<\/p>\n\n\n\n<p>En un tono de defensa de la independencia de Venezuela, Maduro subray\u00f3 la importancia de mantener la paz en el pa\u00eds y protegerlo de estas influencias externas.<\/p>\n\n\n\n<p>\u00abPor eso tenemos que defender la independencia de Venezuela, la paz de Venezuela,&nbsp; nuestro proyecto nacionalista bolivariano propio, por eso tenemos que defender que no caiga en las manos del sionismo, el sionismo le quiere poner las manos a Venezuela, y tiene un grupo de ataque, el grupo de ataque que ya conocemos del fascismo. Todo est\u00e1 concatenado, pero Venezuela vencer\u00e1\u00bb, destac\u00f3.<\/p>\n\n\n\n<p><strong>Prensa Presidencial \/&nbsp; Eduardo Hueck<\/strong><\/p>\n\n\n\n<p><\/p>\n","protected":false},"excerpt":{"rendered":"<p>Palacio de Miraflores, Caracas.- El presidente de la Rep\u00fablica Bolivariana de Venezuela, Nicol\u00e1s Maduro Moros, alert\u00f3 a la comunidad internacional que el primer ministro de Israel, Benjam\u00edn Netanyahu, busca incendiar todo el Medio Oriente. \u201cEst\u00e1 buscando incendiar todo el Medio Oriente con una guerra que uno no sabe c\u00f3mo puede empezar, pero uno sabe las [&hellip;]<\/p>\n","protected":false},"author":1,"featured_media":12856,"comment_status":"open","ping_status":"open","sticky":false,"template":"","format":"standard","meta":{"footnotes":""},"categories":[18,7],"tags":[471],"class_list":["post-12855","post","type-post","status-publish","format-standard","has-post-thumbnail","hentry","category-noticias-principales","category-notas-de-prensa","tag-alerta"],"_links":{"self":[{"href":"https:\/\/prensapresidencialvenezuela.gob.ve\/index.php\/wp-json\/wp\/v2\/posts\/12855","targetHints":{"allow":["GET"]}}],"collection":[{"href":"https:\/\/prensapresidencialvenezuela.gob.ve\/index.php\/wp-json\/wp\/v2\/posts"}],"about":[{"href":"https:\/\/prensapresidencialvenezuela.gob.ve\/index.php\/wp-json\/wp\/v2\/types\/post"}],"author":[{"embeddable":true,"href":"https:\/\/prensapresidencialvenezuela.gob.ve\/index.php\/wp-json\/wp\/v2\/users\/1"}],"replies":[{"embeddable":true,"href":"https:\/\/prensapresidencialvenezuela.gob.ve\/index.php\/wp-json\/wp\/v2\/comments?post=12855"}],"version-history":[{"count":1,"href":"https:\/\/prensapresidencialvenezuela.gob.ve\/index.php\/wp-json\/wp\/v2\/posts\/12855\/revisions"}],"predecessor-version":[{"id":12857,"href":"https:\/\/prensapresidencialvenezuela.gob.ve\/index.php\/wp-json\/wp\/v2\/posts\/12855\/revisions\/12857"}],"wp:featuredmedia":[{"embeddable":true,"href":"https:\/\/prensapresidencialvenezuela.gob.ve\/index.php\/wp-json\/wp\/v2\/media\/12856"}],"wp:attachment":[{"href":"https:\/\/prensapresidencialvenezuela.gob.ve\/index.php\/wp-json\/wp\/v2\/media?parent=12855"}],"wp:term":[{"taxonomy":"category","embeddable":true,"href":"https:\/\/prensapresidencialvenezuela.gob.ve\/index.php\/wp-json\/wp\/v2\/categories?post=12855"},{"taxonomy":"post_tag","embeddable":true,"href":"https:\/\/prensapresidencialvenezuela.gob.ve\/index.php\/wp-json\/wp\/v2\/tags?post=12855"}],"curies":[{"name":"wp","href":"https:\/\/api.w.org\/{rel}","templated":true}]}}