{"id":12867,"date":"2024-08-06T19:57:44","date_gmt":"2024-08-06T23:57:44","guid":{"rendered":"https:\/\/prensapresidencialvenezuela.gob.ve\/?p=12867"},"modified":"2024-08-06T19:57:45","modified_gmt":"2024-08-06T23:57:45","slug":"presidente-maduro-esta-preparado-para-entregar-el-100-de-las-actas-electorales-ante-el-tsj","status":"publish","type":"post","link":"https:\/\/prensapresidencialvenezuela.gob.ve\/index.php\/2024\/08\/06\/presidente-maduro-esta-preparado-para-entregar-el-100-de-las-actas-electorales-ante-el-tsj\/","title":{"rendered":"Presidente Maduro est\u00e1 preparado para entregar el 100% de las actas electorales ante el TSJ"},"content":{"rendered":"\n<p><strong>Palacio de Miraflores, Caracas.-<\/strong>El jefe de Estado y Gobierno venezolano, Nicol\u00e1s Maduro, reafirm\u00f3 que el Gran Polo Patri\u00f3tico (GPP) y el Partido Socialista Unido de Venezuela (PSUV) est\u00e1n listos para entregar el 100% por ciento de las actas ante la citaci\u00f3n que hiciere el Tribunal Supremo de Justicia a los 10 ex-candidatos que participaron en la pasada elecci\u00f3n presidencial el 28 de julio.<\/p>\n\n\n\n<p>\u00abEscuch\u00e9 un comunicado de la presidenta del Tribunal Supremo de Justicia- Caryslia Rodr\u00edguez- en que dice que ya fueron citados judicialmente, de acuerdo a los c\u00f3digos y leyes del pa\u00eds, los diez candidatos. A m\u00ed me lleg\u00f3 la citaci\u00f3n judicial y los 38 jefes de los 38 partidos que participaron en las elecciones\u00bb, detall\u00f3.<\/p>\n\n\n\n<p>Al afirmar que cooperar\u00e1 plenamente con el proceso, el Mandatario venezolano expres\u00f3 su compromiso con la transparencia y la legalidad, anunciando que responder\u00e1 a todas las preguntas del tribunal.<\/p>\n\n\n\n<p>\u00abVoy a ir y voy a contestar todas las preguntas del tribunal y le dije a Diosdado Cabello, jefe pol\u00edtico del PSUV (Partido Socialista Unido de Venezuela) y a todo el Gran Polo Patri\u00f3tico, que preparen para que entreguemos, si as\u00ed es requerido, como estoy seguro que ser\u00e1, el cien por ciento de las actas que est\u00e1n en nuestro poder y espero que todos los candidatos y todos los partidos entreguen all\u00ed los recaudos\u00bb, subray\u00f3.<\/p>\n\n\n\n<p>Ante la pregunta sobre posibles ausencias, Maduro se\u00f1al\u00f3 que \u00abhabiendo sido citado judicialmente todos los candidatos y partidos \u00bfcu\u00e1l de los candidatos no va a asistir?\u201d, pregunt\u00f3 al pueblo presente en el Palacio de Miraflores.<\/p>\n\n\n\n<p>Maduro tambi\u00e9n abord\u00f3 la situaci\u00f3n actual del pa\u00eds, denunciando el intento de golpe de Estado a trav\u00e9s de medios cibern\u00e9ticos y redes sociales.<\/p>\n\n\n\n<p>\u00abEl golpe de Estado que se ha pretendido contra Venezuela, es un golpe cibern\u00e9tico en las redes fascistas para dividir y llenar de odio y llevar una guerra civil y criminal que tiene como vanguardia bandas criminales entrenadas y pagas\u00bb, alert\u00f3.<\/p>\n\n\n\n<p>La informaci\u00f3n fue destacada durante un acto con los abuelos y abuelas de la Patria quienes marcharon hasta el palacio de Gobierno para expresar su respaldo al presidente Maduro, quien explic\u00f3 que los causantes de hechos violentos no representan a la juventud venezolana que trabaja por un mejor pa\u00eds, reiterando su confianza en los j\u00f3venes.<\/p>\n\n\n\n<p>\u201cUna cosa es que los criminales, pagos y entrenados sean j\u00f3venes y otra cosa muy diferente que sea la juventud, son dos cosas diferentes,&nbsp; que han sembrado un poco de odio en una juventud que no la hab\u00eda visto la cara al fascismo eso se cura y se supera pero yo conf\u00edo y tengo fe absoluta en la generaci\u00f3n de oro, en la generaci\u00f3n genial y en las generaciones j\u00f3venes de Venezuela est\u00e1n estudiando, que est\u00e1n emprendiendo, que est\u00e1n trabajando, que son artistas, que hacen cultura, tengamos fe en lo nuestro y sembremos valores\u201d, explic\u00f3.<\/p>\n\n\n\n<p>En contexto, la tarde de este martes, la Sala Electoral ratific\u00f3 formalmente la cita para que los ex-candidatos presidenciales y partidos pol\u00edticos se presenten ante el TSJ, cita en la cual el dignatario Nicol\u00e1s Maduro deber\u00e1 asistir el pr\u00f3ximo viernes 9 de agosto.<\/p>\n\n\n\n<p><strong>Prensa Presidencial\/ Eduardo Hueck<\/strong><\/p>\n\n\n\n<p><\/p>\n","protected":false},"excerpt":{"rendered":"<p>Palacio de Miraflores, Caracas.-El jefe de Estado y Gobierno venezolano, Nicol\u00e1s Maduro, reafirm\u00f3 que el Gran Polo Patri\u00f3tico (GPP) y el Partido Socialista Unido de Venezuela (PSUV) est\u00e1n listos para entregar el 100% por ciento de las actas ante la citaci\u00f3n que hiciere el Tribunal Supremo de Justicia a los 10 ex-candidatos que participaron en [&hellip;]<\/p>\n","protected":false},"author":1,"featured_media":12868,"comment_status":"open","ping_status":"open","sticky":false,"template":"","format":"standard","meta":{"footnotes":""},"categories":[18,7],"tags":[747],"class_list":["post-12867","post","type-post","status-publish","format-standard","has-post-thumbnail","hentry","category-noticias-principales","category-notas-de-prensa","tag-actas"],"_links":{"self":[{"href":"https:\/\/prensapresidencialvenezuela.gob.ve\/index.php\/wp-json\/wp\/v2\/posts\/12867","targetHints":{"allow":["GET"]}}],"collection":[{"href":"https:\/\/prensapresidencialvenezuela.gob.ve\/index.php\/wp-json\/wp\/v2\/posts"}],"about":[{"href":"https:\/\/prensapresidencialvenezuela.gob.ve\/index.php\/wp-json\/wp\/v2\/types\/post"}],"author":[{"embeddable":true,"href":"https:\/\/prensapresidencialvenezuela.gob.ve\/index.php\/wp-json\/wp\/v2\/users\/1"}],"replies":[{"embeddable":true,"href":"https:\/\/prensapresidencialvenezuela.gob.ve\/index.php\/wp-json\/wp\/v2\/comments?post=12867"}],"version-history":[{"count":1,"href":"https:\/\/prensapresidencialvenezuela.gob.ve\/index.php\/wp-json\/wp\/v2\/posts\/12867\/revisions"}],"predecessor-version":[{"id":12869,"href":"https:\/\/prensapresidencialvenezuela.gob.ve\/index.php\/wp-json\/wp\/v2\/posts\/12867\/revisions\/12869"}],"wp:featuredmedia":[{"embeddable":true,"href":"https:\/\/prensapresidencialvenezuela.gob.ve\/index.php\/wp-json\/wp\/v2\/media\/12868"}],"wp:attachment":[{"href":"https:\/\/prensapresidencialvenezuela.gob.ve\/index.php\/wp-json\/wp\/v2\/media?parent=12867"}],"wp:term":[{"taxonomy":"category","embeddable":true,"href":"https:\/\/prensapresidencialvenezuela.gob.ve\/index.php\/wp-json\/wp\/v2\/categories?post=12867"},{"taxonomy":"post_tag","embeddable":true,"href":"https:\/\/prensapresidencialvenezuela.gob.ve\/index.php\/wp-json\/wp\/v2\/tags?post=12867"}],"curies":[{"name":"wp","href":"https:\/\/api.w.org\/{rel}","templated":true}]}}