{"id":12875,"date":"2024-08-07T12:18:48","date_gmt":"2024-08-07T16:18:48","guid":{"rendered":"https:\/\/prensapresidencialvenezuela.gob.ve\/?p=12875"},"modified":"2024-08-07T12:27:06","modified_gmt":"2024-08-07T16:27:06","slug":"batalla-de-boyaca-fin-de-la-usurpacion-en-colombia","status":"publish","type":"post","link":"https:\/\/prensapresidencialvenezuela.gob.ve\/index.php\/2024\/08\/07\/batalla-de-boyaca-fin-de-la-usurpacion-en-colombia\/","title":{"rendered":"Batalla de Boyac\u00e1, fin de la usurpaci\u00f3n en Colombia"},"content":{"rendered":"\n<p><strong>Palacio de Miraflores, Caracas.- <\/strong>Hace 205 a\u00f1os se escenific\u00f3 la Batalla de Boyac\u00e1, gesta heroica que sell\u00f3 el destino y la libertad de Colombia un 7 de agosto de 1819, cuando las fuerzas patriotas, comandadas por Sim\u00f3n Bol\u00edvar,\u00a0derrotaron al ej\u00e9rcito realista durante tres horas de f\u00e9rreo combate.<\/p>\n\n\n\n<p>Dicha Batalla tuvo lugar entre el cruce del r\u00edo Teatinos en Tunja, Municipio colombiano del Departamento de Boyac\u00e1, situado sobre la Cordillera Oriental de Los Andes, a 115 kil\u00f3metros de Bogot\u00e1, la cual dio fin al dominio espa\u00f1ol, abriendo paso a la consolidaci\u00f3n de la Gran Colombia.<\/p>\n\n\n\n<p>Tres d\u00edas despu\u00e9s del enfrentamiento, el contingente patri\u00f3tico toma Santa Fe de Bogot\u00e1, regi\u00f3n que abandona el Imperio Espa\u00f1ol, luego de escuchar que han sido derrotados. En ese momento, se consolid\u00f3 el fin del dominio del Virreinato de la Nueva Granada.<\/p>\n\n\n\n<p>La Batalla de Boyac\u00e1 tambi\u00e9n consolid\u00f3 y unific\u00f3 los territorios de Colombia, Venezuela, Ecuador y Panam\u00e1, al conformar la \u201cGran Colombia\u201d que persiste hasta 1830.<\/p>\n\n\n\n<p>La Batalla de Boyac\u00e1 fue conocida como el evento que dio fin a la campa\u00f1a independentista iniciada el 20 de julio de 1810.&nbsp; Los integrantes del ejercito libertador eran criollos, mestizos, mulatos, zambos, negros e ind\u00edgenas, llamados por los espa\u00f1oles insurgentes, mientras que el contingente realista eran algunos criollos, negros e ind\u00edgenas,&nbsp; dominados como esclavos,&nbsp; 350 soldados de infanter\u00eda espa\u00f1ola&nbsp; y 20 de artiller\u00eda&nbsp;<\/p>\n\n\n\n<p>Su comandante fue El Coronel Jos\u00e9 Mar\u00eda Barreiro, mientras que por Ej\u00e9rcito Libertador su Jefe era Sim\u00f3n Bol\u00edvar y el Coronel colombiano Francisco de Paula Santander.&nbsp;<\/p>\n\n\n\n<p>Bol\u00edvar daba \u00f3rdenes precisas para hacer que el valor de las tropas se mantuviera en alto, mientras incitaba a los Jefes y Oficiales a mantener la disciplina para acabar triunfando en la batalla.<\/p>\n\n\n\n<p>El contingente militar patriota alcanz\u00f3 los 3000 soldados, mientras los realistas ten\u00edan alrededor de 2900 combatientes.&nbsp;<\/p>\n\n\n\n<p>Para las cuatro de la tarde, apenas dos horas despu\u00e9s del inicio del enfrentamiento, los libertadores ya hab\u00edan conseguido la gran victoria y la rendici\u00f3n de los espa\u00f1oles.<\/p>\n\n\n\n<p>Bol\u00edvar consider\u00f3 la Batalla de Boyac\u00e1 como una de las m\u00e1s importantes en su carrera militar.&nbsp; Los libertadores lograron detener a un gran n\u00famero de realistas y&nbsp; darles muerte a cerca de cien soldados enemigos.<\/p>\n\n\n\n<p>Por el lado patriota, 66 fueron los ca\u00eddos. Aunque la rese\u00f1a del Museo Nacional de Colombia, da cuenta que en la batalla fallecieron cerca del 90 por ciento de los enemigos espa\u00f1oles de la Tercera Divisi\u00f3n, entre ellos, el Coronel Barreiro.<\/p>\n\n\n\n<p><strong>Prensa Presidencial\/Orlando Ruiz<\/strong><\/p>\n","protected":false},"excerpt":{"rendered":"<p>Palacio de Miraflores, Caracas.- Hace 205 a\u00f1os se escenific\u00f3 la Batalla de Boyac\u00e1, gesta heroica que sell\u00f3 el destino y la libertad de Colombia un 7 de agosto de 1819, cuando las fuerzas patriotas, comandadas por Sim\u00f3n Bol\u00edvar,\u00a0derrotaron al ej\u00e9rcito realista durante tres horas de f\u00e9rreo combate. Dicha Batalla tuvo lugar entre el cruce del [&hellip;]<\/p>\n","protected":false},"author":1,"featured_media":12879,"comment_status":"open","ping_status":"open","sticky":false,"template":"","format":"standard","meta":{"footnotes":""},"categories":[18,7],"tags":[685,580],"class_list":["post-12875","post","type-post","status-publish","format-standard","has-post-thumbnail","hentry","category-noticias-principales","category-notas-de-prensa","tag-batalla","tag-bolivar"],"_links":{"self":[{"href":"https:\/\/prensapresidencialvenezuela.gob.ve\/index.php\/wp-json\/wp\/v2\/posts\/12875","targetHints":{"allow":["GET"]}}],"collection":[{"href":"https:\/\/prensapresidencialvenezuela.gob.ve\/index.php\/wp-json\/wp\/v2\/posts"}],"about":[{"href":"https:\/\/prensapresidencialvenezuela.gob.ve\/index.php\/wp-json\/wp\/v2\/types\/post"}],"author":[{"embeddable":true,"href":"https:\/\/prensapresidencialvenezuela.gob.ve\/index.php\/wp-json\/wp\/v2\/users\/1"}],"replies":[{"embeddable":true,"href":"https:\/\/prensapresidencialvenezuela.gob.ve\/index.php\/wp-json\/wp\/v2\/comments?post=12875"}],"version-history":[{"count":2,"href":"https:\/\/prensapresidencialvenezuela.gob.ve\/index.php\/wp-json\/wp\/v2\/posts\/12875\/revisions"}],"predecessor-version":[{"id":12878,"href":"https:\/\/prensapresidencialvenezuela.gob.ve\/index.php\/wp-json\/wp\/v2\/posts\/12875\/revisions\/12878"}],"wp:featuredmedia":[{"embeddable":true,"href":"https:\/\/prensapresidencialvenezuela.gob.ve\/index.php\/wp-json\/wp\/v2\/media\/12879"}],"wp:attachment":[{"href":"https:\/\/prensapresidencialvenezuela.gob.ve\/index.php\/wp-json\/wp\/v2\/media?parent=12875"}],"wp:term":[{"taxonomy":"category","embeddable":true,"href":"https:\/\/prensapresidencialvenezuela.gob.ve\/index.php\/wp-json\/wp\/v2\/categories?post=12875"},{"taxonomy":"post_tag","embeddable":true,"href":"https:\/\/prensapresidencialvenezuela.gob.ve\/index.php\/wp-json\/wp\/v2\/tags?post=12875"}],"curies":[{"name":"wp","href":"https:\/\/api.w.org\/{rel}","templated":true}]}}