{"id":12885,"date":"2024-08-07T20:19:14","date_gmt":"2024-08-08T00:19:14","guid":{"rendered":"https:\/\/prensapresidencialvenezuela.gob.ve\/?p=12885"},"modified":"2024-08-08T16:51:07","modified_gmt":"2024-08-08T20:51:07","slug":"presidente-maduro-dirigio-el-arranque-del-xvi-plan-vacacional-mostacho-fest-nuestra-patria","status":"publish","type":"post","link":"https:\/\/prensapresidencialvenezuela.gob.ve\/index.php\/2024\/08\/07\/presidente-maduro-dirigio-el-arranque-del-xvi-plan-vacacional-mostacho-fest-nuestra-patria\/","title":{"rendered":"Arranc\u00f3 XVI Plan Vacacional Mostacho Fest \u201cNuestra Patria\u201d"},"content":{"rendered":"\n<p><strong>Parque Recreacional Vinicio Adames, estado Miranda.- <\/strong>El presidente de la Rep\u00fablica Bolivariana de Venezuela, Nicol\u00e1s Maduro Moros, desde parque Recreacional Vinicio Adames, sector Hoyo de la Puerta, estado Miranda, dirigi\u00f3 el arranque del XVI Plan Vacacional Comunitario Mostacho Fest \u201cNuestra Patria\u201d.<\/p>\n\n\n\n<p>Asimismo, se dio inicio al XIV Reto Juvenil y el III Campamento Deportivo Comunitario Tribilines y Campeones 2024. El Jefe de Estado, al llegar al lugar, recorri\u00f3 los espacios en que disfrutar\u00e1n los ni\u00f1os, ni\u00f1as y j\u00f3venes, siete circuitos donde se estar\u00e1n desarrollando diversas actividades l\u00fadicas recreativas.<\/p>\n\n\n\n<p>Acompa\u00f1ado de la primera combatiente, Cilia Flores, el presidente Maduro fue recibido por la vicepresidenta Ejecutiva, Delcy Rodr\u00edguez; la presidenta de la Gran Misi\u00f3n Venezuela Joven, G\u00e9nesis Garvett; la presidenta de Imparques, Rosin\u00e9s Ch\u00e1vez y el viceministro de Masificaci\u00f3n Deportiva, Jos\u00e9 Luis Tovar.<\/p>\n\n\n\n<p>El Plan Vacacional cuenta con m\u00e1s de 12 mil voluntarios, recreadores, funcionarios y servidores que fungen como garantes del art\u00edculo 111 de la Carta Magna que contempla lo siguiente: todas las personas tienen derecho al deporte y la recreaci\u00f3n como actividades que benefician la calidad de vida individual y colectiva.<\/p>\n\n\n\n<p><strong>Prensa Presidencial \/ Eduardo Hueck<\/strong><\/p>\n\n\n\n<p><\/p>\n","protected":false},"excerpt":{"rendered":"<p>Parque Recreacional Vinicio Adames, estado Miranda.- El presidente de la Rep\u00fablica Bolivariana de Venezuela, Nicol\u00e1s Maduro Moros, desde parque Recreacional Vinicio Adames, sector Hoyo de la Puerta, estado Miranda, dirigi\u00f3 el arranque del XVI Plan Vacacional Comunitario Mostacho Fest \u201cNuestra Patria\u201d. Asimismo, se dio inicio al XIV Reto Juvenil y el III Campamento Deportivo Comunitario [&hellip;]<\/p>\n","protected":false},"author":1,"featured_media":12896,"comment_status":"open","ping_status":"open","sticky":false,"template":"","format":"standard","meta":{"footnotes":""},"categories":[18,7],"tags":[],"class_list":["post-12885","post","type-post","status-publish","format-standard","has-post-thumbnail","hentry","category-noticias-principales","category-notas-de-prensa"],"_links":{"self":[{"href":"https:\/\/prensapresidencialvenezuela.gob.ve\/index.php\/wp-json\/wp\/v2\/posts\/12885","targetHints":{"allow":["GET"]}}],"collection":[{"href":"https:\/\/prensapresidencialvenezuela.gob.ve\/index.php\/wp-json\/wp\/v2\/posts"}],"about":[{"href":"https:\/\/prensapresidencialvenezuela.gob.ve\/index.php\/wp-json\/wp\/v2\/types\/post"}],"author":[{"embeddable":true,"href":"https:\/\/prensapresidencialvenezuela.gob.ve\/index.php\/wp-json\/wp\/v2\/users\/1"}],"replies":[{"embeddable":true,"href":"https:\/\/prensapresidencialvenezuela.gob.ve\/index.php\/wp-json\/wp\/v2\/comments?post=12885"}],"version-history":[{"count":2,"href":"https:\/\/prensapresidencialvenezuela.gob.ve\/index.php\/wp-json\/wp\/v2\/posts\/12885\/revisions"}],"predecessor-version":[{"id":12897,"href":"https:\/\/prensapresidencialvenezuela.gob.ve\/index.php\/wp-json\/wp\/v2\/posts\/12885\/revisions\/12897"}],"wp:featuredmedia":[{"embeddable":true,"href":"https:\/\/prensapresidencialvenezuela.gob.ve\/index.php\/wp-json\/wp\/v2\/media\/12896"}],"wp:attachment":[{"href":"https:\/\/prensapresidencialvenezuela.gob.ve\/index.php\/wp-json\/wp\/v2\/media?parent=12885"}],"wp:term":[{"taxonomy":"category","embeddable":true,"href":"https:\/\/prensapresidencialvenezuela.gob.ve\/index.php\/wp-json\/wp\/v2\/categories?post=12885"},{"taxonomy":"post_tag","embeddable":true,"href":"https:\/\/prensapresidencialvenezuela.gob.ve\/index.php\/wp-json\/wp\/v2\/tags?post=12885"}],"curies":[{"name":"wp","href":"https:\/\/api.w.org\/{rel}","templated":true}]}}