{"id":1291,"date":"2022-02-24T15:28:00","date_gmt":"2022-02-24T15:28:00","guid":{"rendered":"http:\/\/172.27.0.121\/?p=1291"},"modified":"2022-06-07T15:30:19","modified_gmt":"2022-06-07T15:30:19","slug":"venezuela-aboga-por-soluciones-pacificas-a-conflicto-en-ucrania","status":"publish","type":"post","link":"https:\/\/prensapresidencialvenezuela.gob.ve\/index.php\/2022\/02\/24\/venezuela-aboga-por-soluciones-pacificas-a-conflicto-en-ucrania\/","title":{"rendered":"Venezuela aboga por soluciones pac\u00edficas a conflicto en Ucrania"},"content":{"rendered":"\n<p><strong>Palacio de Miraflores, Caracas.-<\/strong> Al reafirmar que \u201cel di\u00e1logo y la no injerencia son garant\u00edas de paz\u201d, el presidente de la Rep\u00fablica, Nicol\u00e1s Maduro, abog\u00f3 por la b\u00fasqueda de soluciones pac\u00edficas para dirimir las diferencias entre las partes involucradas en el conflicto en Ucrania.<\/p>\n\n\n\n<p>A trav\u00e9s de un comunicado disponible en el portal digital del Ministerio del Poder Popular para Relaciones Exteriores, enfatiz\u00f3 que el di\u00e1logo efectivo entre las partes evitar\u00e1 \u201cun escalamiento\u201d al reafirmar los mecanismos de negociaci\u00f3n contemplados en la Carta de las Naciones Unidas.<\/p>\n\n\n\n<p>Igualmente, el Gobierno Nacional rechaza el agravamiento de la crisis ante el quebrantamiento de los acuerdos de Minsk por parte de la Organizaci\u00f3n del Tratado del Atl\u00e1ntico Norte (OTAN).<\/p>\n\n\n\n<p><strong>A continuaci\u00f3n, el comunicado \u00edntegro:<\/strong><\/p>\n\n\n\n<p>La Rep\u00fablica Bolivariana de Venezuela manifiesta su preocupaci\u00f3n por el agravamiento de la crisis en Ucrania, y lamenta la burla y el quebrantamiento de los Acuerdos de Minsk por parte de la OTAN promovido por los Estados Unidos de Am\u00e9rica.<\/p>\n\n\n\n<p>El descarrilamiento de estos acuerdos ha vulnerado el Derecho Internacional y ha generado fuertes amenazas contra la Federaci\u00f3n de Rusia, su integridad territorial y soberan\u00eda, as\u00ed como impedido el buen relacionamiento entre pa\u00edses vecinos.<\/p>\n\n\n\n<p>Venezuela hace un llamado a retomar el camino del entendimiento diplom\u00e1tico mediante el di\u00e1logo efectivo entre las Partes involucradas en el conflicto para evitar un escalamiento, reafirmando los mecanismos de negociaci\u00f3n contemplados en la Carta de las Naciones Unidas, en aras de preservar la vida, la paz de los habitantes de estos pa\u00edses y la estabilidad de la Regi\u00f3n.<\/p>\n\n\n\n<p>La Rep\u00fablica Bolivariana de Venezuela, conforme a su diplomacia constitucional de paz, hace sus mejores votos para la resoluci\u00f3n pac\u00edfica de este conflicto, al tiempo que rechaza la aplicaci\u00f3n de sanciones il\u00edcitas y ataques econ\u00f3micos contra el pueblo ruso, que afecten masivamente el disfrute de sus derechos humanos.<\/p>\n\n\n\n<p><strong>Prensa Presidencial\/Karelis Gonz\u00e1lez<\/strong><\/p>\n","protected":false},"excerpt":{"rendered":"<p>Palacio de Miraflores, Caracas.- Al reafirmar que \u201cel di\u00e1logo y la no injerencia son garant\u00edas de paz\u201d, el presidente de la Rep\u00fablica, Nicol\u00e1s Maduro, abog\u00f3 por la b\u00fasqueda de soluciones pac\u00edficas para dirimir las diferencias entre las partes involucradas en el conflicto en Ucrania. A trav\u00e9s de un comunicado disponible en el portal digital del [&hellip;]<\/p>\n","protected":false},"author":6,"featured_media":1292,"comment_status":"open","ping_status":"open","sticky":false,"template":"","format":"standard","meta":{"footnotes":""},"categories":[7],"tags":[],"class_list":["post-1291","post","type-post","status-publish","format-standard","has-post-thumbnail","hentry","category-notas-de-prensa"],"_links":{"self":[{"href":"https:\/\/prensapresidencialvenezuela.gob.ve\/index.php\/wp-json\/wp\/v2\/posts\/1291","targetHints":{"allow":["GET"]}}],"collection":[{"href":"https:\/\/prensapresidencialvenezuela.gob.ve\/index.php\/wp-json\/wp\/v2\/posts"}],"about":[{"href":"https:\/\/prensapresidencialvenezuela.gob.ve\/index.php\/wp-json\/wp\/v2\/types\/post"}],"author":[{"embeddable":true,"href":"https:\/\/prensapresidencialvenezuela.gob.ve\/index.php\/wp-json\/wp\/v2\/users\/6"}],"replies":[{"embeddable":true,"href":"https:\/\/prensapresidencialvenezuela.gob.ve\/index.php\/wp-json\/wp\/v2\/comments?post=1291"}],"version-history":[{"count":1,"href":"https:\/\/prensapresidencialvenezuela.gob.ve\/index.php\/wp-json\/wp\/v2\/posts\/1291\/revisions"}],"predecessor-version":[{"id":1293,"href":"https:\/\/prensapresidencialvenezuela.gob.ve\/index.php\/wp-json\/wp\/v2\/posts\/1291\/revisions\/1293"}],"wp:featuredmedia":[{"embeddable":true,"href":"https:\/\/prensapresidencialvenezuela.gob.ve\/index.php\/wp-json\/wp\/v2\/media\/1292"}],"wp:attachment":[{"href":"https:\/\/prensapresidencialvenezuela.gob.ve\/index.php\/wp-json\/wp\/v2\/media?parent=1291"}],"wp:term":[{"taxonomy":"category","embeddable":true,"href":"https:\/\/prensapresidencialvenezuela.gob.ve\/index.php\/wp-json\/wp\/v2\/categories?post=1291"},{"taxonomy":"post_tag","embeddable":true,"href":"https:\/\/prensapresidencialvenezuela.gob.ve\/index.php\/wp-json\/wp\/v2\/tags?post=1291"}],"curies":[{"name":"wp","href":"https:\/\/api.w.org\/{rel}","templated":true}]}}