{"id":12936,"date":"2024-08-09T16:18:57","date_gmt":"2024-08-09T20:18:57","guid":{"rendered":"https:\/\/prensapresidencialvenezuela.gob.ve\/?p=12936"},"modified":"2024-08-09T16:18:58","modified_gmt":"2024-08-09T20:18:58","slug":"presidente-lo-que-diga-el-tsj-sera-ley-y-santa-sentencia","status":"publish","type":"post","link":"https:\/\/prensapresidencialvenezuela.gob.ve\/index.php\/2024\/08\/09\/presidente-lo-que-diga-el-tsj-sera-ley-y-santa-sentencia\/","title":{"rendered":"Presidente: Lo que diga el TSJ ser\u00e1 Ley y Santa Sentencia"},"content":{"rendered":"\n<p><strong>Tribunal Supremo de Justicia, Caracas.-<\/strong> Al saludar a toda Venezuela y al mundo, el presidente de la Rep\u00fablica Bolivariana de Venezuela, Nicol\u00e1s Maduro, afirm\u00f3 que en Venezuela no habr\u00e1 una guerra civil y lo que diga el Tribunal Supremo de Justicia ser\u00e1 Ley y santa sentencia.<\/p>\n\n\n\n<p>En cadena nacional de radio y televisi\u00f3n, luego de comparecer ante la Sala Electoral del Tribunal Supremo de Justicia (TSJ), enfatiz\u00f3: \u201cHemos recabado y entregado todos los documentos con pelos y se\u00f1ales ante el TSJ y le digo a CNN, AP, EFE, AFP y al gobierno gringo, que aqu\u00ed no va a haber una guerra civil en Venezuela y me imagino lo que van a decir hoy las agencias de noticias internacionales y los gringos. Yo se los dije suavecito y se los vuelvo a decir a los medios de comunicaci\u00f3n afiliados al imperio estadounidense y a la ultraderecha, ellos\u00a0 van a seguir insistiendo en mentir sobre la vida Republicana, veremos si son capaces de reflexionar, he cumplido al asistir ante la M\u00e1xima Instancia Judicial y lo que diga\u00a0 el Tribunal Supremo Electoral ser\u00e1 Ley y Santa Sentencia y tengan la seguridad que la inmensa mayor\u00eda de los venezolanos lo acatar\u00e1\u201d, dijo.<\/p>\n\n\n\n<p>El jefe de Estado se\u00f1al\u00f3 que todos los partidos pol\u00edticos tuvieron la oportunidad de presentar los recaudos y critic\u00f3 que el \u201cse\u00f1or Gonz\u00e1lez Urrutia\u201d no acudi\u00f3 con el llamado del m\u00e1ximo tribunal.<\/p>\n\n\n\n<p>En sus palabras, el presidente Maduro pidi\u00f3 que su audiencia ante el TSJ sea liberada para que se conozca al igual que todas las audiencias sean igualmente p\u00fablicas.<\/p>\n\n\n\n<p>Alert\u00f3 que el 83 por ciento de los documentos que ha presentado la ultraderecha a trav\u00e9s de las redes sociales son falsos por distintos motivos los cuales se han ido conociendo \u201cy ahora se niegan, no dan la cara y se esconden a acatar o reconocer tanto al TSJ como, al CNE\u201d.<\/p>\n\n\n\n<p>El Mandatario venezolano reiter\u00f3 que debe prevalecer la Ley para que esto no se convierta en un conflicto en escalada, alegando que la inmensa mayor\u00eda de&nbsp; venezolanos y venezolanas quieren que se respete la institucionalidad y que se respete a Venezuela.<\/p>\n\n\n\n<p>\u201cHe asistido al templo de la justicia, al Tribunal Supremo de Justicia&nbsp; y me he despojado de mi investidura. Soy el ciudadano Nicol\u00e1s Maduro , quien ha acudido a la citaci\u00f3n judicial, por la paz he venido por la estabilidad y el ejercicio soberano de la democracia y de los mayores valores republicanos, legado de nuestros libertadores, aqu\u00ed estoy, y he&nbsp; respondido al interrogatorio que de manera legal se me ha hecho, no he rehuido ninguna pregunta de las magistradas y magistrados, s\u00f3lo un candidato se neg\u00f3 a dar la cara y cumplir con la justicia, un candidato que est\u00e1 escondido que manda a matar, que no le da la cara al pa\u00eds.\u201d<\/p>\n\n\n\n<p>Consultado por uno de los medios de comunicaci\u00f3n presentes, en torno a las relaciones con Colombia, Brasil y M\u00e9xico, afirm\u00f3 que \u00e9l no ejerce la diplomacia de micr\u00f3fono y que mantiene una relaci\u00f3n estable con estos pa\u00edses a trav\u00e9s de su Canciller\u00eda, afirmando que jam\u00e1s lo ver\u00e1n opinando sobre pa\u00edses amigos ni interviniendo en&nbsp; problemas pol\u00edticos de ning\u00fan pa\u00eds.<\/p>\n\n\n\n<p><strong>Prensa Presidencial\/Orlando Ruiz.&nbsp;&nbsp;&nbsp;<\/strong><\/p>\n\n\n\n<p><\/p>\n","protected":false},"excerpt":{"rendered":"<p>Tribunal Supremo de Justicia, Caracas.- Al saludar a toda Venezuela y al mundo, el presidente de la Rep\u00fablica Bolivariana de Venezuela, Nicol\u00e1s Maduro, afirm\u00f3 que en Venezuela no habr\u00e1 una guerra civil y lo que diga el Tribunal Supremo de Justicia ser\u00e1 Ley y santa sentencia. En cadena nacional de radio y televisi\u00f3n, luego de [&hellip;]<\/p>\n","protected":false},"author":1,"featured_media":12937,"comment_status":"open","ping_status":"open","sticky":false,"template":"","format":"standard","meta":{"footnotes":""},"categories":[18,7],"tags":[757,738],"class_list":["post-12936","post","type-post","status-publish","format-standard","has-post-thumbnail","hentry","category-noticias-principales","category-notas-de-prensa","tag-declaraciones","tag-tsj"],"_links":{"self":[{"href":"https:\/\/prensapresidencialvenezuela.gob.ve\/index.php\/wp-json\/wp\/v2\/posts\/12936","targetHints":{"allow":["GET"]}}],"collection":[{"href":"https:\/\/prensapresidencialvenezuela.gob.ve\/index.php\/wp-json\/wp\/v2\/posts"}],"about":[{"href":"https:\/\/prensapresidencialvenezuela.gob.ve\/index.php\/wp-json\/wp\/v2\/types\/post"}],"author":[{"embeddable":true,"href":"https:\/\/prensapresidencialvenezuela.gob.ve\/index.php\/wp-json\/wp\/v2\/users\/1"}],"replies":[{"embeddable":true,"href":"https:\/\/prensapresidencialvenezuela.gob.ve\/index.php\/wp-json\/wp\/v2\/comments?post=12936"}],"version-history":[{"count":1,"href":"https:\/\/prensapresidencialvenezuela.gob.ve\/index.php\/wp-json\/wp\/v2\/posts\/12936\/revisions"}],"predecessor-version":[{"id":12938,"href":"https:\/\/prensapresidencialvenezuela.gob.ve\/index.php\/wp-json\/wp\/v2\/posts\/12936\/revisions\/12938"}],"wp:featuredmedia":[{"embeddable":true,"href":"https:\/\/prensapresidencialvenezuela.gob.ve\/index.php\/wp-json\/wp\/v2\/media\/12937"}],"wp:attachment":[{"href":"https:\/\/prensapresidencialvenezuela.gob.ve\/index.php\/wp-json\/wp\/v2\/media?parent=12936"}],"wp:term":[{"taxonomy":"category","embeddable":true,"href":"https:\/\/prensapresidencialvenezuela.gob.ve\/index.php\/wp-json\/wp\/v2\/categories?post=12936"},{"taxonomy":"post_tag","embeddable":true,"href":"https:\/\/prensapresidencialvenezuela.gob.ve\/index.php\/wp-json\/wp\/v2\/tags?post=12936"}],"curies":[{"name":"wp","href":"https:\/\/api.w.org\/{rel}","templated":true}]}}