{"id":1300,"date":"2022-02-28T15:33:00","date_gmt":"2022-02-28T15:33:00","guid":{"rendered":"http:\/\/172.27.0.121\/?p=1300"},"modified":"2022-06-07T15:35:17","modified_gmt":"2022-06-07T15:35:17","slug":"venezuela-denuncia-ante-la-onu-violacion-de-derechos-humanos-en-el-caso-alex-saab","status":"publish","type":"post","link":"https:\/\/prensapresidencialvenezuela.gob.ve\/index.php\/2022\/02\/28\/venezuela-denuncia-ante-la-onu-violacion-de-derechos-humanos-en-el-caso-alex-saab\/","title":{"rendered":"Venezuela denuncia ante la ONU violaci\u00f3n de derechos humanos en el caso Alex Saab"},"content":{"rendered":"\n<p><strong>Palacio de Miraflores, Caracas.-<\/strong> Este lunes el presidente de la Rep\u00fablica Bolivariana de Venezuela, Nicol\u00e1s Maduro, denunci\u00f3 que el proceso que se realiza en el tribunal de Estados Unidos en el caso del diplom\u00e1tico secuestrado Alex Saab, \u201cest\u00e1 plagado de graves vicios y aberrantes distorsiones\u201d.<\/p>\n\n\n\n<p>Durante su participaci\u00f3n -a trav\u00e9s de un video mensaje- en la 49\u00b0 Sesi\u00f3n regular del Consejo de Derechos Humanos de las Naciones Unidas (ONU), el Mandatario venezolano, record\u00f3 que el embajador Alex Saab, fue secuestrado ilegalmente en junio 2020 en Cabo Verde cuando se encontraba en una misi\u00f3n oficial para traer alimentos y medicinas a Venezuela.<\/p>\n\n\n\n<p>En contexto, asegur\u00f3 que el pasado 16 de octubre de 2021, el diplom\u00e1tico fue secuestrado por un grupo de militares de los Estados Unidos y llevado hasta el estado de Florida, \u201ca pesar de la sentencia clara y tajante del Tribunal de la Comunidad de \u00c1frica Occidental que ordena a su liberaci\u00f3n inmediata\u201d.<\/p>\n\n\n\n<p>Al respecto, reiter\u00f3 que a Saab, no se le respet\u00f3 su inmunidad diplom\u00e1tica, derechos humanos \u201cy su propia integridad f\u00edsica, fue cruel y sistem\u00e1ticamente violada su proceso en un tribunal estadounidense est\u00e1 plagado de graves vicios y aberrantes distorsiones.<\/p>\n\n\n\n<p>Finalmente, asever\u00f3 que el secuestro del diplom\u00e1tico Saab, viola el proceso de di\u00e1logo y paz que se desarrollaba en M\u00e9xico los distintos sectores de la oposici\u00f3n venezolana.<\/p>\n\n\n\n<p>\u201cEs un segundo secuestro y su extracci\u00f3n ilegal a Estados Unidos fue deliberado y artero golpe al desarrollo y continuidad del proceso de di\u00e1logo y paz que se desarrollaba en M\u00e9xico\u201d, concluy\u00f3 Maduro.<\/p>\n\n\n\n<p><strong>Prensa Presidencial\/Joelin Jim\u00e9nez<\/strong><\/p>\n","protected":false},"excerpt":{"rendered":"<p>Palacio de Miraflores, Caracas.- Este lunes el presidente de la Rep\u00fablica Bolivariana de Venezuela, Nicol\u00e1s Maduro, denunci\u00f3 que el proceso que se realiza en el tribunal de Estados Unidos en el caso del diplom\u00e1tico secuestrado Alex Saab, \u201cest\u00e1 plagado de graves vicios y aberrantes distorsiones\u201d. Durante su participaci\u00f3n -a trav\u00e9s de un video mensaje- en [&hellip;]<\/p>\n","protected":false},"author":6,"featured_media":1301,"comment_status":"open","ping_status":"open","sticky":false,"template":"","format":"standard","meta":{"footnotes":""},"categories":[7],"tags":[],"class_list":["post-1300","post","type-post","status-publish","format-standard","has-post-thumbnail","hentry","category-notas-de-prensa"],"_links":{"self":[{"href":"https:\/\/prensapresidencialvenezuela.gob.ve\/index.php\/wp-json\/wp\/v2\/posts\/1300","targetHints":{"allow":["GET"]}}],"collection":[{"href":"https:\/\/prensapresidencialvenezuela.gob.ve\/index.php\/wp-json\/wp\/v2\/posts"}],"about":[{"href":"https:\/\/prensapresidencialvenezuela.gob.ve\/index.php\/wp-json\/wp\/v2\/types\/post"}],"author":[{"embeddable":true,"href":"https:\/\/prensapresidencialvenezuela.gob.ve\/index.php\/wp-json\/wp\/v2\/users\/6"}],"replies":[{"embeddable":true,"href":"https:\/\/prensapresidencialvenezuela.gob.ve\/index.php\/wp-json\/wp\/v2\/comments?post=1300"}],"version-history":[{"count":1,"href":"https:\/\/prensapresidencialvenezuela.gob.ve\/index.php\/wp-json\/wp\/v2\/posts\/1300\/revisions"}],"predecessor-version":[{"id":1302,"href":"https:\/\/prensapresidencialvenezuela.gob.ve\/index.php\/wp-json\/wp\/v2\/posts\/1300\/revisions\/1302"}],"wp:featuredmedia":[{"embeddable":true,"href":"https:\/\/prensapresidencialvenezuela.gob.ve\/index.php\/wp-json\/wp\/v2\/media\/1301"}],"wp:attachment":[{"href":"https:\/\/prensapresidencialvenezuela.gob.ve\/index.php\/wp-json\/wp\/v2\/media?parent=1300"}],"wp:term":[{"taxonomy":"category","embeddable":true,"href":"https:\/\/prensapresidencialvenezuela.gob.ve\/index.php\/wp-json\/wp\/v2\/categories?post=1300"},{"taxonomy":"post_tag","embeddable":true,"href":"https:\/\/prensapresidencialvenezuela.gob.ve\/index.php\/wp-json\/wp\/v2\/tags?post=1300"}],"curies":[{"name":"wp","href":"https:\/\/api.w.org\/{rel}","templated":true}]}}