{"id":1306,"date":"2022-02-28T15:36:00","date_gmt":"2022-02-28T15:36:00","guid":{"rendered":"http:\/\/172.27.0.121\/?p=1306"},"modified":"2022-06-07T15:39:53","modified_gmt":"2022-06-07T15:39:53","slug":"ejecutivo-nacional-destina-77-del-presupuesto-de-la-nacion-a-la-proteccion-social","status":"publish","type":"post","link":"https:\/\/prensapresidencialvenezuela.gob.ve\/index.php\/2022\/02\/28\/ejecutivo-nacional-destina-77-del-presupuesto-de-la-nacion-a-la-proteccion-social\/","title":{"rendered":"Ejecutivo Nacional destina 77% del presupuesto de la Naci\u00f3n a la protecci\u00f3n social"},"content":{"rendered":"\n<p><strong>Palacio de Miraflores, Caracas.-<\/strong> Al asegurar que Venezuela ha enfrentado las circunstancias m\u00e1s dif\u00edciles para garantizar el mayor bienestar del pueblo venezolano, el presidente de la Rep\u00fablica, Nicol\u00e1s Maduro, resalt\u00f3 que el 77 por ciento del presupuesto de la Naci\u00f3n ser\u00e1 destinado a la inversi\u00f3n de protecci\u00f3n y seguridad social.<\/p>\n\n\n\n<p>En este sentido, el Jefe de Estado venezolano, destac\u00f3 el Gobierno Bolivariano tras siete a\u00f1os de agresi\u00f3n ha logrado que la econom\u00eda venezolana \u201ccrezca de manera sostenible por primera vez desde el a\u00f1o 2013, y para el 2022 transitamos por una senda continuada de recuperaci\u00f3n\u201d.<\/p>\n\n\n\n<p>Asimismo, puntualiz\u00f3 que en el per\u00edodo&nbsp; 2016-2021, el Gobierno entreg\u00f3 m\u00e1s de 2 millones 800 mil viviendas en el marco de la Gran Misi\u00f3n Vivienda Venezuela (GMVV), \u201calcanzando recientemente el hito hist\u00f3rico de la construcci\u00f3n y entrega de 3 millones 900 mil viviendas c\u00f3modas y seguras al pueblo de Venezuela desde el a\u00f1o 2011, beneficiando a m\u00e1s de 10 millones 90 personas\u201d .<\/p>\n\n\n\n<p>De igual modo, asegur\u00f3 que la creaci\u00f3n en 2016 de los Comit\u00e9s Locales de Abastecimiento y Producci\u00f3n (CLAP), ha asegurado la entrega mensual de alimentos al pueblo venezolano, lo que permitido el subsidio del 99 por ciento de alimentos a m\u00e1s de 7 millones de familias.<\/p>\n\n\n\n<p>En este contexto, ratific\u00f3 que el&nbsp; 84 por ciento de las instituciones que imparten educaci\u00f3n en Venezuela pertenecen al sector p\u00fablico, gratuito y de calidad, permitiendo que el 93 por ciento \u201ccuente con un programa especial de alimentaci\u00f3n que se brinda de manera gratuita a los estudiantes\u201d.<\/p>\n\n\n\n<p>Destac\u00f3 que la creaci\u00f3n de la plataforma tecnol\u00f3gica Patria, garantiza que 21 millones de personas, reciban de manera&nbsp; directa atenci\u00f3n social del Estado para la garant\u00eda de sus derechos econ\u00f3micos y sociales.<\/p>\n\n\n\n<p>La informaci\u00f3n la dio a conocer durante su participaci\u00f3n en 49\u00b0 Sesi\u00f3n regular del Consejo de Derechos Humanos de las Naciones Unidas (ONU).<\/p>\n\n\n\n<p><strong>Prensa Presidencial\/Joelin Jim\u00e9nez<\/strong><\/p>\n","protected":false},"excerpt":{"rendered":"<p>Palacio de Miraflores, Caracas.- Al asegurar que Venezuela ha enfrentado las circunstancias m\u00e1s dif\u00edciles para garantizar el mayor bienestar del pueblo venezolano, el presidente de la Rep\u00fablica, Nicol\u00e1s Maduro, resalt\u00f3 que el 77 por ciento del presupuesto de la Naci\u00f3n ser\u00e1 destinado a la inversi\u00f3n de protecci\u00f3n y seguridad social. En este sentido, el Jefe [&hellip;]<\/p>\n","protected":false},"author":6,"featured_media":1307,"comment_status":"open","ping_status":"open","sticky":false,"template":"","format":"standard","meta":{"footnotes":""},"categories":[7],"tags":[],"class_list":["post-1306","post","type-post","status-publish","format-standard","has-post-thumbnail","hentry","category-notas-de-prensa"],"_links":{"self":[{"href":"https:\/\/prensapresidencialvenezuela.gob.ve\/index.php\/wp-json\/wp\/v2\/posts\/1306","targetHints":{"allow":["GET"]}}],"collection":[{"href":"https:\/\/prensapresidencialvenezuela.gob.ve\/index.php\/wp-json\/wp\/v2\/posts"}],"about":[{"href":"https:\/\/prensapresidencialvenezuela.gob.ve\/index.php\/wp-json\/wp\/v2\/types\/post"}],"author":[{"embeddable":true,"href":"https:\/\/prensapresidencialvenezuela.gob.ve\/index.php\/wp-json\/wp\/v2\/users\/6"}],"replies":[{"embeddable":true,"href":"https:\/\/prensapresidencialvenezuela.gob.ve\/index.php\/wp-json\/wp\/v2\/comments?post=1306"}],"version-history":[{"count":1,"href":"https:\/\/prensapresidencialvenezuela.gob.ve\/index.php\/wp-json\/wp\/v2\/posts\/1306\/revisions"}],"predecessor-version":[{"id":1308,"href":"https:\/\/prensapresidencialvenezuela.gob.ve\/index.php\/wp-json\/wp\/v2\/posts\/1306\/revisions\/1308"}],"wp:featuredmedia":[{"embeddable":true,"href":"https:\/\/prensapresidencialvenezuela.gob.ve\/index.php\/wp-json\/wp\/v2\/media\/1307"}],"wp:attachment":[{"href":"https:\/\/prensapresidencialvenezuela.gob.ve\/index.php\/wp-json\/wp\/v2\/media?parent=1306"}],"wp:term":[{"taxonomy":"category","embeddable":true,"href":"https:\/\/prensapresidencialvenezuela.gob.ve\/index.php\/wp-json\/wp\/v2\/categories?post=1306"},{"taxonomy":"post_tag","embeddable":true,"href":"https:\/\/prensapresidencialvenezuela.gob.ve\/index.php\/wp-json\/wp\/v2\/tags?post=1306"}],"curies":[{"name":"wp","href":"https:\/\/api.w.org\/{rel}","templated":true}]}}