{"id":13068,"date":"2024-08-17T20:52:31","date_gmt":"2024-08-18T00:52:31","guid":{"rendered":"https:\/\/prensapresidencialvenezuela.gob.ve\/?p=13068"},"modified":"2024-08-17T20:53:39","modified_gmt":"2024-08-18T00:53:39","slug":"la-derecha-fascista-se-espicho","status":"publish","type":"post","link":"https:\/\/prensapresidencialvenezuela.gob.ve\/index.php\/2024\/08\/17\/la-derecha-fascista-se-espicho\/","title":{"rendered":"La derecha fascista se espich\u00f3"},"content":{"rendered":"\n<p>Palacio de Miraflores, Caracas.- Una foto publicada por CNN contrasta con los videos de la realidad de la concentraci\u00f3n de la oposici\u00f3n fascista espichada, afirm\u00f3 el presidente Nicol\u00e1s Maduro, desde el Palacio de Miraflores.<\/p>\n\n\n\n<p>\u201cUna cosa es el opositor democr\u00e1tico y decente y otra son los fascistas\u201d, creyendo que los influencers de Miami por medio de las redes sociales convocar\u00edan a millones de personas a las calles \u201cy puedo decir que los influencers artistas de Miami, fracasaron\u201d.<\/p>\n\n\n\n<p>Se\u00f1al\u00f3, por otra parte, que la ausencia evidente del excandidato fascista Edmundo Gonz\u00e1lez Urrutia, quien se esconde y no da la cara, deja claro se han quedado sin liderazgo y es catalogado como uno de los peores criminales de la oposici\u00f3n junto a Mar\u00eda Corina Machado.<\/p>\n\n\n\n<p>El Presidente Maduro subray\u00f3 que fueron tres las derrotas para la oposici\u00f3n fascista, en principio, el pueblo derrotando a los influencers de Miami, en segundo lugar, ocultar al cobarde e irresponsable Edmundo Gonz\u00e1lez y la tercera derrota es que Mar\u00eda Corina Machado tambi\u00e9n ha perdido.<\/p>\n\n\n\n<p>&nbsp;\u201cFracas\u00f3, no la quieren ni en la oposici\u00f3n, tres derrotas en un mismo d\u00eda y el pueblo en la calle bailando y feliz y Venezuela en paz y trabajando\u201d, sentenci\u00f3 el Mandatario venezolano.<\/p>\n\n\n\n<p><strong>Prensa Presidencial \/ Atahualpa Calder\u00f3n<\/strong><\/p>\n","protected":false},"excerpt":{"rendered":"<p>Palacio de Miraflores, Caracas.- Una foto publicada por CNN contrasta con los videos de la realidad de la concentraci\u00f3n de la oposici\u00f3n fascista espichada, afirm\u00f3 el presidente Nicol\u00e1s Maduro, desde el Palacio de Miraflores. \u201cUna cosa es el opositor democr\u00e1tico y decente y otra son los fascistas\u201d, creyendo que los influencers de Miami por medio [&hellip;]<\/p>\n","protected":false},"author":1,"featured_media":13070,"comment_status":"open","ping_status":"open","sticky":false,"template":"","format":"standard","meta":{"footnotes":""},"categories":[18,7],"tags":[721,787],"class_list":["post-13068","post","type-post","status-publish","format-standard","has-post-thumbnail","hentry","category-noticias-principales","category-notas-de-prensa","tag-derecha","tag-fascistas"],"_links":{"self":[{"href":"https:\/\/prensapresidencialvenezuela.gob.ve\/index.php\/wp-json\/wp\/v2\/posts\/13068","targetHints":{"allow":["GET"]}}],"collection":[{"href":"https:\/\/prensapresidencialvenezuela.gob.ve\/index.php\/wp-json\/wp\/v2\/posts"}],"about":[{"href":"https:\/\/prensapresidencialvenezuela.gob.ve\/index.php\/wp-json\/wp\/v2\/types\/post"}],"author":[{"embeddable":true,"href":"https:\/\/prensapresidencialvenezuela.gob.ve\/index.php\/wp-json\/wp\/v2\/users\/1"}],"replies":[{"embeddable":true,"href":"https:\/\/prensapresidencialvenezuela.gob.ve\/index.php\/wp-json\/wp\/v2\/comments?post=13068"}],"version-history":[{"count":1,"href":"https:\/\/prensapresidencialvenezuela.gob.ve\/index.php\/wp-json\/wp\/v2\/posts\/13068\/revisions"}],"predecessor-version":[{"id":13069,"href":"https:\/\/prensapresidencialvenezuela.gob.ve\/index.php\/wp-json\/wp\/v2\/posts\/13068\/revisions\/13069"}],"wp:featuredmedia":[{"embeddable":true,"href":"https:\/\/prensapresidencialvenezuela.gob.ve\/index.php\/wp-json\/wp\/v2\/media\/13070"}],"wp:attachment":[{"href":"https:\/\/prensapresidencialvenezuela.gob.ve\/index.php\/wp-json\/wp\/v2\/media?parent=13068"}],"wp:term":[{"taxonomy":"category","embeddable":true,"href":"https:\/\/prensapresidencialvenezuela.gob.ve\/index.php\/wp-json\/wp\/v2\/categories?post=13068"},{"taxonomy":"post_tag","embeddable":true,"href":"https:\/\/prensapresidencialvenezuela.gob.ve\/index.php\/wp-json\/wp\/v2\/tags?post=13068"}],"curies":[{"name":"wp","href":"https:\/\/api.w.org\/{rel}","templated":true}]}}