{"id":13080,"date":"2024-08-19T17:59:40","date_gmt":"2024-08-19T21:59:40","guid":{"rendered":"https:\/\/prensapresidencialvenezuela.gob.ve\/?p=13080"},"modified":"2024-08-19T18:38:55","modified_gmt":"2024-08-19T22:38:55","slug":"capturados-los-autores-intelectuales-y-materiales-del-crimen-contra-lideresas-venezolanas","status":"publish","type":"post","link":"https:\/\/prensapresidencialvenezuela.gob.ve\/index.php\/2024\/08\/19\/capturados-los-autores-intelectuales-y-materiales-del-crimen-contra-lideresas-venezolanas\/","title":{"rendered":"Capturados los autores intelectuales y materiales del crimen contra lideresas venezolanas"},"content":{"rendered":"\n<p><strong>Palacio de Miraflores, Caracas<\/strong><strong>.-<\/strong> El presidente de la Rep\u00fablica Bolivariana de Venezuela, Nicol\u00e1s Maduro Moros, inform\u00f3 que ya est\u00e1n capturados los autores intelectuales y materiales del crimen contra las lideresas Mayauri Coromoto Silva Vielma (estado Aragua) y Cirila Isabel Gil (estado Bol\u00edvar).<\/p>\n\n\n\n<p>\u201cEst\u00e1n capturados todos los autores intelectuales y materiales y estos dos cr\u00edmenes los cometieron los comanditos, aunque las agencias de noticias y las redes sociales lo callen, dos cr\u00edmenes cometidos por el fascismo\u201d, sentenci\u00f3.<\/p>\n\n\n\n<p>Asimismo, el presidente Maduro se\u00f1al\u00f3 que estos pertenecen al fascismo \u201cdel Edmundo Gonz\u00e1lez Urrutia y de la Mar\u00eda &lt;&lt;Fascista&gt;&gt; Machado, Mar\u00eda &lt;&lt;Violencia&gt;&gt; Machado (\u2026) Ya no se trata s\u00f3lo de leer un libro sobre el fen\u00f3meno del fascismo\u201d.<\/p>\n\n\n\n<p>\u201cYa no se trata de ver las experiencias \u2013fascistas- que hemos conocido en la historia, ya podemos decir: yo s\u00e9 que es el fascismo, yo s\u00e9 como odian ellos, yo s\u00e9 la violencia de ellos, yo s\u00e9 de la intolerancia de ellos, yo s\u00e9 del ego de ellos, yo s\u00e9 del desprecio de ellos y de ella. Yo lo s\u00e9, porque lo viv\u00ed\u201d, indic\u00f3.<\/p>\n\n\n\n<p>En este sentido, el Jefe de Estado rindi\u00f3 homenaje y declar\u00f3 a estas dos mujeres m\u00e1rtires de la Revoluci\u00f3n Bolivariana del siglo XXI.<\/p>\n\n\n\n<p>\u201cHonor y Gloria y que Dios las tenga en su gloria. \u00a1Mujeres, m\u00e1rtires de la Revoluci\u00f3n Bolivariana! Pido los homenajes m\u00e1s sublimes para ellas como m\u00e1rtires de esta Revoluci\u00f3n Antifascista\u201d, instruy\u00f3.<\/p>\n\n\n\n<p>El Dignatario devel\u00f3 que estas acciones eran el primer paso para el intento de asalto al Palacio de Miraflores el pasado 30 de julio, buscaban generar miedo y desmovilizaci\u00f3n, pero la respuesta del pueblo en uni\u00f3n C\u00edvico-Militar frustr\u00f3 el ataque.<\/p>\n\n\n\n<p>\u201cPretend\u00edan con la amenaza y el terror que se impusiera el miedo y la desmovilizaci\u00f3n popular, en algunos lugares lo lograron, desmovilizar moment\u00e1neamente las fuerzas populares, pero en lo fundamental este pueblo que es rebelde se les alz\u00f3 y reaccion\u00f3 progresivamente\u201d, refiri\u00f3.<\/p>\n\n\n\n<p>En esa l\u00ednea, pormenoriz\u00f3 que \u201cel martes 30 de julio pretend\u00edan un asalto violento en Miraflores y la llegada de m\u00e1s de 20 mil compatriotas de Catia, L\u00eddice, El Valle, Coche, Petare que llegaron marchando a las cuatro de la tarde, yo estaba trabajando dentro del Palacio de Miraflores. \u2013El pueblo- nos salv\u00f3 de una estocada, que ustedes conocer\u00e1n, que logramos disipar ese mismo d\u00eda, no se esperaban que llegaran 20 mil patriotas y revolucionarios\u201d.<\/p>\n\n\n\n<p>Asimismo, el presidente Maduro detall\u00f3 que no s\u00f3lo las fuerzas bolivarianas fueron atacadas de manera inclemente, tambi\u00e9n transe\u00fantes, artistas entre otros &nbsp;fueron agredidos.<\/p>\n\n\n\n<p>\u201cPor eso es que yo llamo golpe cibern\u00e9tico, fascista y criminal. Porque utilizaron criminales, est\u00e1 tratando de convertir de manera vana a criminales, convictos, confesos, con antecedentes que capturamos drogados, armados, que atacaron, mataron y destruyeron y quemaron el pa\u00eds en perseguidos pol\u00edticos, vuelven a utilizar a Luis Almagro y a la putrefacta OEA, vuelven a utilizar a una CPI mellada, desprestigiada, decadente. Esa pel\u00edcula la conocemos y con Venezuela no funciona\u201d, sostuvo.<\/p>\n\n\n\n<p><strong>Prensa Presidencial \/ Eduardo Hueck<\/strong><\/p>\n","protected":false},"excerpt":{"rendered":"<p>Palacio de Miraflores, Caracas.- El presidente de la Rep\u00fablica Bolivariana de Venezuela, Nicol\u00e1s Maduro Moros, inform\u00f3 que ya est\u00e1n capturados los autores intelectuales y materiales del crimen contra las lideresas Mayauri Coromoto Silva Vielma (estado Aragua) y Cirila Isabel Gil (estado Bol\u00edvar). \u201cEst\u00e1n capturados todos los autores intelectuales y materiales y estos dos cr\u00edmenes los [&hellip;]<\/p>\n","protected":false},"author":1,"featured_media":13090,"comment_status":"open","ping_status":"open","sticky":false,"template":"","format":"standard","meta":{"footnotes":""},"categories":[18,7],"tags":[791,790],"class_list":["post-13080","post","type-post","status-publish","format-standard","has-post-thumbnail","hentry","category-noticias-principales","category-notas-de-prensa","tag-homenaje","tag-lideresas"],"_links":{"self":[{"href":"https:\/\/prensapresidencialvenezuela.gob.ve\/index.php\/wp-json\/wp\/v2\/posts\/13080","targetHints":{"allow":["GET"]}}],"collection":[{"href":"https:\/\/prensapresidencialvenezuela.gob.ve\/index.php\/wp-json\/wp\/v2\/posts"}],"about":[{"href":"https:\/\/prensapresidencialvenezuela.gob.ve\/index.php\/wp-json\/wp\/v2\/types\/post"}],"author":[{"embeddable":true,"href":"https:\/\/prensapresidencialvenezuela.gob.ve\/index.php\/wp-json\/wp\/v2\/users\/1"}],"replies":[{"embeddable":true,"href":"https:\/\/prensapresidencialvenezuela.gob.ve\/index.php\/wp-json\/wp\/v2\/comments?post=13080"}],"version-history":[{"count":1,"href":"https:\/\/prensapresidencialvenezuela.gob.ve\/index.php\/wp-json\/wp\/v2\/posts\/13080\/revisions"}],"predecessor-version":[{"id":13082,"href":"https:\/\/prensapresidencialvenezuela.gob.ve\/index.php\/wp-json\/wp\/v2\/posts\/13080\/revisions\/13082"}],"wp:featuredmedia":[{"embeddable":true,"href":"https:\/\/prensapresidencialvenezuela.gob.ve\/index.php\/wp-json\/wp\/v2\/media\/13090"}],"wp:attachment":[{"href":"https:\/\/prensapresidencialvenezuela.gob.ve\/index.php\/wp-json\/wp\/v2\/media?parent=13080"}],"wp:term":[{"taxonomy":"category","embeddable":true,"href":"https:\/\/prensapresidencialvenezuela.gob.ve\/index.php\/wp-json\/wp\/v2\/categories?post=13080"},{"taxonomy":"post_tag","embeddable":true,"href":"https:\/\/prensapresidencialvenezuela.gob.ve\/index.php\/wp-json\/wp\/v2\/tags?post=13080"}],"curies":[{"name":"wp","href":"https:\/\/api.w.org\/{rel}","templated":true}]}}