{"id":13111,"date":"2024-08-22T11:51:39","date_gmt":"2024-08-22T15:51:39","guid":{"rendered":"https:\/\/prensapresidencialvenezuela.gob.ve\/?p=13111"},"modified":"2024-08-22T11:54:45","modified_gmt":"2024-08-22T15:54:45","slug":"presidente-inauguro-centro-integral-de-rehabilitacion-para-ninos-y-ninas-con-discapacidad-carabobo-te-quiero","status":"publish","type":"post","link":"https:\/\/prensapresidencialvenezuela.gob.ve\/index.php\/2024\/08\/22\/presidente-inauguro-centro-integral-de-rehabilitacion-para-ninos-y-ninas-con-discapacidad-carabobo-te-quiero\/","title":{"rendered":"Presidente inaugur\u00f3 Centro Integral de Rehabilitaci\u00f3n para ni\u00f1os y ni\u00f1as con discapacidad, \u00abCarabobo Te Quiero\u00bb"},"content":{"rendered":"\n<p><strong>Ciudad Valencia, estado Carabobo<\/strong><strong>.-<\/strong> El presidente de la Rep\u00fablica Bolivariana de Venezuela, Nicol\u00e1s Maduro Moros, inaugur\u00f3 el Centro Integral de Rehabilitaci\u00f3n para ni\u00f1os y ni\u00f1as con discapacidad \u00abCarabobo Te Quiero\u00bb, en el estado Carabobo, el primero de este estilo en el pa\u00eds.<\/p>\n\n\n\n<p>Este centro est\u00e1 enmarcado en el Plan de Gobierno de las 7 Transformaciones en materia de atenci\u00f3n integral de la salud del pueblo, prestar\u00e1 servicios en Hidroterapia, Equino terapia, Sala&nbsp; de poleas, Terapia de Lenguaje, Terapia Ocupacional, Fisioterapia, Psicopedagog\u00eda, Psicolog\u00eda.<\/p>\n\n\n\n<p>Disponen de \u00e1reas deportivas y culturales, de Estimulaci\u00f3n Temprana, Historia M\u00e9dica y Social (consultas especializadas y estudios socio econ\u00f3mico) y Sala de Tiflotecnolog\u00eda.<\/p>\n\n\n\n<p>El centro atender\u00e1 los trastornos del espectro autista, trisom\u00eda del par 21 o S\u00edndrome de Down, discapacidad intelectual, motora y visual.<\/p>\n\n\n\n<p>El Jefe de Estado venezolano felicit\u00f3 a los hombres y mujeres que con amor atienden a cada ni\u00f1o y ni\u00f1a en el centro, que permite que el paciente pueda tener todas sus consultas y su terapia en este lugar.<\/p>\n\n\n\n<p>\u00abTodo esto est\u00e1 impregnado de amor, conocimiento, ciencia. Con amor y con profesionales de m\u00e1ximo nivel. Con mucha paciencia, dedicaci\u00f3n y profesionalismo. Los felicito\u00bb, expres\u00f3 Maduro.<\/p>\n\n\n\n<p>El presidente Maduro tras recordar su recorrido por los pueblos de Venezuela, en que se comprometi\u00f3 a entregar obras de salud, indic\u00f3 que antes del mes de enero deber\u00e1n ser construido un centro en cada estado, como el Centro Integral de Rehabilitaci\u00f3n para ni\u00f1os y ni\u00f1as con discapacidad \u00abCarabobo Te Quiero\u00bb.<\/p>\n\n\n\n<p>\u00ab(\u2026) Quiero comprometerme hoy desde el sur de Valencia, estado Carabobo, cuna de la libertad suramericana, a construir un centro integral como este, por lo menos uno por estado, antes de que llegue el primero de enero. Por lo menos de la misma caracter\u00edstica\u00bb.<\/p>\n\n\n\n<p>Asimismo, el Dignatario entreg\u00f3, a trav\u00e9s de un contacto televisado a la ciudad de Caracas, totalmente rehabilitada, las \u00e1reas de emergencia pedi\u00e1trica obst\u00e9trica y sala de parto del Hospital Materno Infantil de Caricuao, \u00abDr. Pastor Oropeza\u00bb.<\/p>\n\n\n\n<p>Este centro dispone de salas dotadas con la m\u00e1s alta tecnolog\u00eda, y tambi\u00e9n \u00abaqu\u00ed en este hospital sirve de formaci\u00f3n para el posgrado en estas \u00e1reas de pediatr\u00eda y en el \u00e1rea ginecolog\u00eda\u00bb, destac\u00f3 la alcaldesa del municipio Libertador, Carmen Mel\u00e9ndez.<\/p>\n\n\n\n<p>En la parroquia Mercedes D\u00edaz, estado Trujillo, el Mandatario venezolano, a trav\u00e9s de un enlace televisado, entreg\u00f3, totalmente rehabilitado y dotado con tecnolog\u00eda de alta calidad, la unidad de servicio de gastroenterolog\u00eda y endoscopia del Hospital Universitario \u00abDr. Pedro Emilio Carrillo\u00bb.<\/p>\n\n\n\n<p>Desde el estado Bol\u00edvar, espec\u00edficamente en la parroquia de la costa de San F\u00e9lix, fue entregada, totalmente rehabilitada, la sede de la Misi\u00f3n Sonrisa, que atender\u00e1 ni\u00f1os, ni\u00f1as, adolescentes y a los adultos mayores.<\/p>\n\n\n\n<p>\u00abSigamos avanzando, recuperando todo con las Brigadas Comunitarias Militares, para la Educaci\u00f3n y la Salud (Bricomiles). Con mucha dedicaci\u00f3n, con mucha capacidad de trabajo, recuperar todas las instalaciones, los servicios, colocar la tecnolog\u00eda de punta en el mundo para que sistema P\u00fablico de salud vaya llegando a niveles superiores de calidad, de atenci\u00f3n\u00bb, instruy\u00f3 el presidente Maduro.<\/p>\n\n\n\n<p><strong>Parque Recreacional del Sur<\/strong><\/p>\n\n\n\n<p>El Mandatario venezolano, durante un recorrido previo que realiz\u00f3 por el Parque Recreacional del Sur, inform\u00f3 que ser\u00e1n abiertas para el fin de semana, del 30 de agosto, las instalaciones del parque, que \u00abest\u00e1 para los ni\u00f1os y para las ni\u00f1as y para la familia valenciana y carabobe\u00f1a\u00bb.<\/p>\n\n\n\n<p>\u00ab(\u2026) para el fin de semana del 30 de agosto, s\u00e1bado, y el primero de septiembre. As\u00ed que cuando vaya amaneciendo el mes de septiembre, ustedes tendr\u00e1n sus nuevas instalaciones que quedaron sencillamente espectaculares, para la familia\u00bb, resalt\u00f3.<\/p>\n\n\n\n<p><strong>Prensa Presidencial \/ Eduardo Hueck&nbsp;<\/strong><\/p>\n","protected":false},"excerpt":{"rendered":"<p>Ciudad Valencia, estado Carabobo.- El presidente de la Rep\u00fablica Bolivariana de Venezuela, Nicol\u00e1s Maduro Moros, inaugur\u00f3 el Centro Integral de Rehabilitaci\u00f3n para ni\u00f1os y ni\u00f1as con discapacidad \u00abCarabobo Te Quiero\u00bb, en el estado Carabobo, el primero de este estilo en el pa\u00eds. Este centro est\u00e1 enmarcado en el Plan de Gobierno de las 7 Transformaciones [&hellip;]<\/p>\n","protected":false},"author":1,"featured_media":13114,"comment_status":"open","ping_status":"open","sticky":false,"template":"","format":"standard","meta":{"footnotes":""},"categories":[18,7],"tags":[659,164],"class_list":["post-13111","post","type-post","status-publish","format-standard","has-post-thumbnail","hentry","category-noticias-principales","category-notas-de-prensa","tag-integral","tag-salud"],"_links":{"self":[{"href":"https:\/\/prensapresidencialvenezuela.gob.ve\/index.php\/wp-json\/wp\/v2\/posts\/13111","targetHints":{"allow":["GET"]}}],"collection":[{"href":"https:\/\/prensapresidencialvenezuela.gob.ve\/index.php\/wp-json\/wp\/v2\/posts"}],"about":[{"href":"https:\/\/prensapresidencialvenezuela.gob.ve\/index.php\/wp-json\/wp\/v2\/types\/post"}],"author":[{"embeddable":true,"href":"https:\/\/prensapresidencialvenezuela.gob.ve\/index.php\/wp-json\/wp\/v2\/users\/1"}],"replies":[{"embeddable":true,"href":"https:\/\/prensapresidencialvenezuela.gob.ve\/index.php\/wp-json\/wp\/v2\/comments?post=13111"}],"version-history":[{"count":1,"href":"https:\/\/prensapresidencialvenezuela.gob.ve\/index.php\/wp-json\/wp\/v2\/posts\/13111\/revisions"}],"predecessor-version":[{"id":13113,"href":"https:\/\/prensapresidencialvenezuela.gob.ve\/index.php\/wp-json\/wp\/v2\/posts\/13111\/revisions\/13113"}],"wp:featuredmedia":[{"embeddable":true,"href":"https:\/\/prensapresidencialvenezuela.gob.ve\/index.php\/wp-json\/wp\/v2\/media\/13114"}],"wp:attachment":[{"href":"https:\/\/prensapresidencialvenezuela.gob.ve\/index.php\/wp-json\/wp\/v2\/media?parent=13111"}],"wp:term":[{"taxonomy":"category","embeddable":true,"href":"https:\/\/prensapresidencialvenezuela.gob.ve\/index.php\/wp-json\/wp\/v2\/categories?post=13111"},{"taxonomy":"post_tag","embeddable":true,"href":"https:\/\/prensapresidencialvenezuela.gob.ve\/index.php\/wp-json\/wp\/v2\/tags?post=13111"}],"curies":[{"name":"wp","href":"https:\/\/api.w.org\/{rel}","templated":true}]}}