{"id":13151,"date":"2024-08-25T20:07:00","date_gmt":"2024-08-26T00:07:00","guid":{"rendered":"https:\/\/prensapresidencialvenezuela.gob.ve\/?p=13151"},"modified":"2024-08-30T16:18:30","modified_gmt":"2024-08-30T20:18:30","slug":"analista-diego-ruzzarin-destaca-que-las-redes-sociales-son-empresas-y-no-un-lugar-neutral","status":"publish","type":"post","link":"https:\/\/prensapresidencialvenezuela.gob.ve\/index.php\/2024\/08\/25\/analista-diego-ruzzarin-destaca-que-las-redes-sociales-son-empresas-y-no-un-lugar-neutral\/","title":{"rendered":"Analista Diego Ruzzarin destaca que las redes sociales son empresas y no un lugar neutral"},"content":{"rendered":"\n<p><strong>Casona Cultural Aquiles Nazoa. <\/strong>&#8211; El analista pol\u00edtico brasile\u00f1o Diego Ruzzarin destac\u00f3 que las redes sociales son empresas y no un lugar neutral para tener una conversaci\u00f3n.<\/p>\n\n\n\n<p>En el episodio de \u201cMaduro Podcast\u201d N.\u00ba 13, en compa\u00f1\u00eda del polit\u00f3logo espa\u00f1ol, Juan Carlos Monedero; y el jefe de Estado venezolano, Nicol\u00e1s Maduro, Ruzzarin record\u00f3 que las redes sociales \u201ctienen un due\u00f1o, tienen accionistas y tienen intereses\u201d.<\/p>\n\n\n\n<p>\u201cElon Musk, por favor, quiere litio, quiere mano de obra barata, quiere poder en Am\u00e9rica del Sur, o sea, no es una plataforma en la cual se pueda tener una discusi\u00f3n imparcial\u201d, record\u00f3.<\/p>\n\n\n\n<p>En esta l\u00ednea, indic\u00f3 que tener un debate sobre pol\u00edtica en redes sociales es como \u201cir a una empresa de armas a platicar sobre los peligros de vender armas en el Walmart en Estados Unidos\u201d.<\/p>\n\n\n\n<p>El presidente Nicol\u00e1s Maduro agreg\u00f3 que \u201cElon Musk quiere ser presidente de los Estados Unidos de Norteam\u00e9rica\u201d, a lo que Diego Ruzzarin se\u00f1al\u00f3 que ya \u201cle dijo Trump que le da un lugar y \u00e9l ya dijo que aceptar\u00eda un lugar perif\u00e9rico, lo cual ser\u00eda el primer paso\u201d.<\/p>\n\n\n\n<p><strong>Prensa Presidencial \/ Ana\u00eds P\u00e9rez<\/strong><\/p>\n","protected":false},"excerpt":{"rendered":"<p>Casona Cultural Aquiles Nazoa. &#8211; El analista pol\u00edtico brasile\u00f1o Diego Ruzzarin destac\u00f3 que las redes sociales son empresas y no un lugar neutral para tener una conversaci\u00f3n. En el episodio de \u201cMaduro Podcast\u201d N.\u00ba 13, en compa\u00f1\u00eda del polit\u00f3logo espa\u00f1ol, Juan Carlos Monedero; y el jefe de Estado venezolano, Nicol\u00e1s Maduro, Ruzzarin record\u00f3 que las [&hellip;]<\/p>\n","protected":false},"author":1,"featured_media":13153,"comment_status":"open","ping_status":"open","sticky":false,"template":"","format":"standard","meta":{"footnotes":""},"categories":[18,7],"tags":[30,19,27,20],"class_list":["post-13151","post","type-post","status-publish","format-standard","has-post-thumbnail","hentry","category-noticias-principales","category-notas-de-prensa","tag-destacado","tag-nicolas-maduro","tag-revolucion-bolivariana","tag-venezuela"],"_links":{"self":[{"href":"https:\/\/prensapresidencialvenezuela.gob.ve\/index.php\/wp-json\/wp\/v2\/posts\/13151","targetHints":{"allow":["GET"]}}],"collection":[{"href":"https:\/\/prensapresidencialvenezuela.gob.ve\/index.php\/wp-json\/wp\/v2\/posts"}],"about":[{"href":"https:\/\/prensapresidencialvenezuela.gob.ve\/index.php\/wp-json\/wp\/v2\/types\/post"}],"author":[{"embeddable":true,"href":"https:\/\/prensapresidencialvenezuela.gob.ve\/index.php\/wp-json\/wp\/v2\/users\/1"}],"replies":[{"embeddable":true,"href":"https:\/\/prensapresidencialvenezuela.gob.ve\/index.php\/wp-json\/wp\/v2\/comments?post=13151"}],"version-history":[{"count":1,"href":"https:\/\/prensapresidencialvenezuela.gob.ve\/index.php\/wp-json\/wp\/v2\/posts\/13151\/revisions"}],"predecessor-version":[{"id":13152,"href":"https:\/\/prensapresidencialvenezuela.gob.ve\/index.php\/wp-json\/wp\/v2\/posts\/13151\/revisions\/13152"}],"wp:featuredmedia":[{"embeddable":true,"href":"https:\/\/prensapresidencialvenezuela.gob.ve\/index.php\/wp-json\/wp\/v2\/media\/13153"}],"wp:attachment":[{"href":"https:\/\/prensapresidencialvenezuela.gob.ve\/index.php\/wp-json\/wp\/v2\/media?parent=13151"}],"wp:term":[{"taxonomy":"category","embeddable":true,"href":"https:\/\/prensapresidencialvenezuela.gob.ve\/index.php\/wp-json\/wp\/v2\/categories?post=13151"},{"taxonomy":"post_tag","embeddable":true,"href":"https:\/\/prensapresidencialvenezuela.gob.ve\/index.php\/wp-json\/wp\/v2\/tags?post=13151"}],"curies":[{"name":"wp","href":"https:\/\/api.w.org\/{rel}","templated":true}]}}