{"id":13185,"date":"2024-08-27T17:13:20","date_gmt":"2024-08-27T21:13:20","guid":{"rendered":"https:\/\/prensapresidencialvenezuela.gob.ve\/?p=13185"},"modified":"2024-08-27T17:24:11","modified_gmt":"2024-08-27T21:24:11","slug":"consulta-popular-en-venezuela-mostro-apoyo-a-la-inversion-en-agua-electricidad-y-educacion","status":"publish","type":"post","link":"https:\/\/prensapresidencialvenezuela.gob.ve\/index.php\/2024\/08\/27\/consulta-popular-en-venezuela-mostro-apoyo-a-la-inversion-en-agua-electricidad-y-educacion\/","title":{"rendered":"Consulta popular en Venezuela mostr\u00f3 apoyo a la inversi\u00f3n en agua, electricidad y educaci\u00f3n"},"content":{"rendered":"\n<p><strong>Sal\u00f3n Ezequiel Zamora, Caracas.- <\/strong>El ministro de Comunas y Movimientos Sociales, \u00c1ngel Prado, inform\u00f3 que el 93 % de las actas de la consulta popular realizada el pasado domingo en Venezuela, ya han sido contabilizadas,&nbsp; mostrando un fuerte apoyo a la inversi\u00f3n en proyectos relacionados con el agua, la electricidad y la educaci\u00f3n.<\/p>\n\n\n\n<p>Prado, en un balance de la consulta, inform\u00f3 que el 22% de los proyectos aprobados por los ciudadanos se enfocan en el manejo integral del agua, el 13% en mejoras al servicio el\u00e9ctrico, el 13% en la rehabilitaci\u00f3n de espacios educativos y el 11% en la rehabilitaci\u00f3n de vialidad rural y urbana.<\/p>\n\n\n\n<p>\u00abEn 4 mil 508 territorios, Presidente, hubo elecciones, hubo priorizaci\u00f3n de proyectos y se expres\u00f3 la democracia\u00bb, afirm\u00f3 Prado,&nbsp; destacando la participaci\u00f3n ciudadana en la consulta.<\/p>\n\n\n\n<p>Asimismo, indic\u00f3 que las condiciones est\u00e1n para construir definitivamente la comuna en Venezuela como estructura de autogobierno.<\/p>\n\n\n\n<p>\u00abSe est\u00e1 materializando lo que usted anunci\u00f3 en campa\u00f1a de ir a grandes cambios, a grandes transformaciones y el pueblo venezolano lo est\u00e1 celebrando, se est\u00e1 empoderando de ese proceso y la revoluci\u00f3n definitivamente se har\u00e1 irreversible. No hay punto de retorno Presidente, vamos rumbo al socialismo territorial, creemos en eso y las condiciones en el pa\u00eds hoy, pol\u00edticamente, econ\u00f3micamente, socialmente y espiritualmente, est\u00e1n dadas para construir definitivamente la comuna en Venezuela como estructura de autogobierno\u00bb,&nbsp; concluy\u00f3 Prado.<\/p>\n\n\n\n<p>La informaci\u00f3n fue destacada durante un encuentro con las Comunas&nbsp; y Balance General de la Segunda Consulta Nacional Popular, liderado por el presidente de la Rep\u00fablica Bolivariana de Venezuela, Nicol\u00e1s Maduro, desde el sal\u00f3n Ezequiel Zamora del Palacio de Miraflores.<\/p>\n\n\n\n<p><strong>Prensa Presidencial \/ Eduardo Hueck<\/strong><\/p>\n","protected":false},"excerpt":{"rendered":"<p>Sal\u00f3n Ezequiel Zamora, Caracas.- El ministro de Comunas y Movimientos Sociales, \u00c1ngel Prado, inform\u00f3 que el 93 % de las actas de la consulta popular realizada el pasado domingo en Venezuela, ya han sido contabilizadas,&nbsp; mostrando un fuerte apoyo a la inversi\u00f3n en proyectos relacionados con el agua, la electricidad y la educaci\u00f3n. Prado, en [&hellip;]<\/p>\n","protected":false},"author":1,"featured_media":13190,"comment_status":"open","ping_status":"open","sticky":false,"template":"","format":"standard","meta":{"footnotes":""},"categories":[18,7],"tags":[87,560],"class_list":["post-13185","post","type-post","status-publish","format-standard","has-post-thumbnail","hentry","category-noticias-principales","category-notas-de-prensa","tag-inversion","tag-proyectos"],"_links":{"self":[{"href":"https:\/\/prensapresidencialvenezuela.gob.ve\/index.php\/wp-json\/wp\/v2\/posts\/13185","targetHints":{"allow":["GET"]}}],"collection":[{"href":"https:\/\/prensapresidencialvenezuela.gob.ve\/index.php\/wp-json\/wp\/v2\/posts"}],"about":[{"href":"https:\/\/prensapresidencialvenezuela.gob.ve\/index.php\/wp-json\/wp\/v2\/types\/post"}],"author":[{"embeddable":true,"href":"https:\/\/prensapresidencialvenezuela.gob.ve\/index.php\/wp-json\/wp\/v2\/users\/1"}],"replies":[{"embeddable":true,"href":"https:\/\/prensapresidencialvenezuela.gob.ve\/index.php\/wp-json\/wp\/v2\/comments?post=13185"}],"version-history":[{"count":1,"href":"https:\/\/prensapresidencialvenezuela.gob.ve\/index.php\/wp-json\/wp\/v2\/posts\/13185\/revisions"}],"predecessor-version":[{"id":13186,"href":"https:\/\/prensapresidencialvenezuela.gob.ve\/index.php\/wp-json\/wp\/v2\/posts\/13185\/revisions\/13186"}],"wp:featuredmedia":[{"embeddable":true,"href":"https:\/\/prensapresidencialvenezuela.gob.ve\/index.php\/wp-json\/wp\/v2\/media\/13190"}],"wp:attachment":[{"href":"https:\/\/prensapresidencialvenezuela.gob.ve\/index.php\/wp-json\/wp\/v2\/media?parent=13185"}],"wp:term":[{"taxonomy":"category","embeddable":true,"href":"https:\/\/prensapresidencialvenezuela.gob.ve\/index.php\/wp-json\/wp\/v2\/categories?post=13185"},{"taxonomy":"post_tag","embeddable":true,"href":"https:\/\/prensapresidencialvenezuela.gob.ve\/index.php\/wp-json\/wp\/v2\/tags?post=13185"}],"curies":[{"name":"wp","href":"https:\/\/api.w.org\/{rel}","templated":true}]}}