{"id":1319,"date":"2022-03-02T15:51:00","date_gmt":"2022-03-02T15:51:00","guid":{"rendered":"http:\/\/172.27.0.121\/?p=1319"},"modified":"2022-06-07T15:52:47","modified_gmt":"2022-06-07T15:52:47","slug":"presidente-maduro-celebra-acuerdos-de-la-26a-reunion-ministerial-opep-y-no-opep","status":"publish","type":"post","link":"https:\/\/prensapresidencialvenezuela.gob.ve\/index.php\/2022\/03\/02\/presidente-maduro-celebra-acuerdos-de-la-26a-reunion-ministerial-opep-y-no-opep\/","title":{"rendered":"Presidente Maduro celebra acuerdos de la 26\u00aa Reuni\u00f3n Ministerial OPEP y No-OPEP"},"content":{"rendered":"\n<p><strong>Palacio de Miraflores, Caracas.-<\/strong> El presidente de la Rep\u00fablica, Nicol\u00e1s Maduro Moros, elogi\u00f3 este mi\u00e9rcoles los convenios establecidos en la 26\u00aa Reuni\u00f3n Ministerial OPEP y No-OPEP.<\/p>\n\n\n\n<p>\u201cCelebro los acuerdos de la 26\u00aa Reuni\u00f3n Ministerial OPEP y No-OPEP, que reafirma el compromiso para avanzar hacia un mercado petrolero estable y equilibrado. La v\u00eda es y ser\u00e1 siempre la recuperaci\u00f3n de la econom\u00eda global, unidos por la construcci\u00f3n de una nueva \u00e9poca post pandemia\u201d, recalc\u00f3 a trav\u00e9s de un mensaje publicado en su cuenta oficial de la red social Twitter @NicolasMaduro.<\/p>\n\n\n\n<p>Tras la conclusi\u00f3n de la 26\u00aa Reuni\u00f3n Ministerial OPEP y No-OPEP que se realiz\u00f3 v\u00eda videoconferencia este mi\u00e9rcoles, y con base en la consulta interna realizada exclusivamente por la Declaraci\u00f3n de Cooperaci\u00f3n por parte de los pa\u00edses OPEP y No-OPEP participantes, se se\u00f1al\u00f3 que los fundamentos actuales del mercado del petr\u00f3leo y el consenso sobre su perspectiva apuntaban a un mercado bien equilibrado, y que la volatilidad actual no es causada por cambios en los fundamentos del mercado sino por los desarrollos geopol\u00edticos actuales.<\/p>\n\n\n\n<p>La OPEP y los pa\u00edses productores de petr\u00f3leo participantes No-OPEP acordaron:<\/p>\n\n\n\n<ul class=\"wp-block-list\"><li>Reafirmar la decisi\u00f3n de la 10\u00ba reuni\u00f3n ministerial de la OPEP y No-OPEP del 12 de abril de 2020 y respaldada en reuniones posteriores, incluida la 19\u00ba Reuni\u00f3n Ministerial de la OPEP y No-OPEP el 18 de julio de 2021.<\/li><li>Reconfirmar el plan de ajuste de la producci\u00f3n y el mecanismo de ajuste mensual de la producci\u00f3n aprobada en la 19\u00ba Reuni\u00f3n Ministerial de la OPEP y No-OPEP y la decisi\u00f3n de ajustar al alza la producci\u00f3n total mensual en 0,4 mb\/d para el mes de abril de 2022, seg\u00fan el cronograma adjunto.<\/li><li>Reiterar la importancia cr\u00edtica de adherirse a la plena conformidad y al mecanismo de compensaci\u00f3n, aprovechando la pr\u00f3rroga del per\u00edodo de compensaci\u00f3n hasta finales de junio de 2022. Los planes de compensaci\u00f3n deben presentarse de acuerdo con la declaraci\u00f3n de la 15\u00ba Reuni\u00f3n Ministerial de la OPEP y No-OPEP.<\/li><li>Celebrar la 27\u00aa Reuni\u00f3n Ministerial de la OPEP y No-OPEP el 31 de marzo de 2022.<\/li><\/ul>\n\n\n\n<p><strong>Prensa Presidencial\/Karla Cotoret<\/strong><\/p>\n","protected":false},"excerpt":{"rendered":"<p>Palacio de Miraflores, Caracas.- El presidente de la Rep\u00fablica, Nicol\u00e1s Maduro Moros, elogi\u00f3 este mi\u00e9rcoles los convenios establecidos en la 26\u00aa Reuni\u00f3n Ministerial OPEP y No-OPEP. \u201cCelebro los acuerdos de la 26\u00aa Reuni\u00f3n Ministerial OPEP y No-OPEP, que reafirma el compromiso para avanzar hacia un mercado petrolero estable y equilibrado. La v\u00eda es y ser\u00e1 [&hellip;]<\/p>\n","protected":false},"author":6,"featured_media":1320,"comment_status":"open","ping_status":"open","sticky":false,"template":"","format":"standard","meta":{"footnotes":""},"categories":[7],"tags":[],"class_list":["post-1319","post","type-post","status-publish","format-standard","has-post-thumbnail","hentry","category-notas-de-prensa"],"_links":{"self":[{"href":"https:\/\/prensapresidencialvenezuela.gob.ve\/index.php\/wp-json\/wp\/v2\/posts\/1319","targetHints":{"allow":["GET"]}}],"collection":[{"href":"https:\/\/prensapresidencialvenezuela.gob.ve\/index.php\/wp-json\/wp\/v2\/posts"}],"about":[{"href":"https:\/\/prensapresidencialvenezuela.gob.ve\/index.php\/wp-json\/wp\/v2\/types\/post"}],"author":[{"embeddable":true,"href":"https:\/\/prensapresidencialvenezuela.gob.ve\/index.php\/wp-json\/wp\/v2\/users\/6"}],"replies":[{"embeddable":true,"href":"https:\/\/prensapresidencialvenezuela.gob.ve\/index.php\/wp-json\/wp\/v2\/comments?post=1319"}],"version-history":[{"count":1,"href":"https:\/\/prensapresidencialvenezuela.gob.ve\/index.php\/wp-json\/wp\/v2\/posts\/1319\/revisions"}],"predecessor-version":[{"id":1321,"href":"https:\/\/prensapresidencialvenezuela.gob.ve\/index.php\/wp-json\/wp\/v2\/posts\/1319\/revisions\/1321"}],"wp:featuredmedia":[{"embeddable":true,"href":"https:\/\/prensapresidencialvenezuela.gob.ve\/index.php\/wp-json\/wp\/v2\/media\/1320"}],"wp:attachment":[{"href":"https:\/\/prensapresidencialvenezuela.gob.ve\/index.php\/wp-json\/wp\/v2\/media?parent=1319"}],"wp:term":[{"taxonomy":"category","embeddable":true,"href":"https:\/\/prensapresidencialvenezuela.gob.ve\/index.php\/wp-json\/wp\/v2\/categories?post=1319"},{"taxonomy":"post_tag","embeddable":true,"href":"https:\/\/prensapresidencialvenezuela.gob.ve\/index.php\/wp-json\/wp\/v2\/tags?post=1319"}],"curies":[{"name":"wp","href":"https:\/\/api.w.org\/{rel}","templated":true}]}}