{"id":13201,"date":"2024-08-28T19:50:33","date_gmt":"2024-08-28T23:50:33","guid":{"rendered":"https:\/\/prensapresidencialvenezuela.gob.ve\/?p=13201"},"modified":"2024-08-28T19:50:33","modified_gmt":"2024-08-28T23:50:33","slug":"inaugurado-laboratorio-de-mejoramiento-genetico-de-plantas-del-ivic","status":"publish","type":"post","link":"https:\/\/prensapresidencialvenezuela.gob.ve\/index.php\/2024\/08\/28\/inaugurado-laboratorio-de-mejoramiento-genetico-de-plantas-del-ivic\/","title":{"rendered":"Inaugurado Laboratorio de Mejoramiento Gen\u00e9tico de Plantas del IVIC"},"content":{"rendered":"\n<p><strong>IVIC, estado Miranda.- <\/strong>El presidente de la Rep\u00fablica Bolivariana de Venezuela, Nicol\u00e1s Maduro Moros, durante la inspecci\u00f3n de los avances en la construcci\u00f3n de la Universidad de las Ciencias de Venezuela \u00abDr.Humberto Fern\u00e1ndez Mor\u00e1n\u00bb, inaugur\u00f3 el Laboratorio de Mejoramiento Gen\u00e9tico de Plantas del Instituto Venezolano de Investigaciones Cient\u00edficas (IVIC).<\/p>\n\n\n\n<p>Mediante un enlace televisado por el canal del Estado (VTV), el Dr. David Coll, subdirector del IVIC, explic\u00f3 que este centro cuenta con cinco laboratorios para realizar estudios en materia de nutrici\u00f3n, sanidad, reproducci\u00f3n animal, generaci\u00f3n de medios de cultivos y mejoramiento gen\u00e9tico de plantas.<\/p>\n\n\n\n<p>Indicando adem\u00e1s que este Laboratorio Gen\u00e9tico de Plantas \u00abest\u00e1 conformado por investigadores j\u00f3venes, de \u00e1reas muy diversas. Es un grupo multidisciplinario\u00bb, que abarca qu\u00edmica, biolog\u00eda, agronom\u00eda y biotecnolog\u00eda.<\/p>\n\n\n\n<p>\u00abLas l\u00edneas de investigaci\u00f3n de este laboratorio est\u00e1n orientadas hacia el mejoramiento gen\u00e9tico de plantas, pero con fines agr\u00edcolas y tambi\u00e9n para garantizar su preservaci\u00f3n y reproducci\u00f3n, todo esto con el fin de generar plantas m\u00e1s tolerantes al estr\u00e9s bi\u00f3tico y abi\u00f3tico\u00bb, asociadas al cambio clim\u00e1tico, detall\u00f3.<\/p>\n\n\n\n<p>Por su parte, el Dr. Daniel Enrique Mart\u00edn Vargas, jefe del Laboratorio de Mejoramiento Gen\u00e9tico de Plantas del Centro de Biotecnolog\u00eda Agr\u00edcola, precis\u00f3 que el laboratorio cuenta con cinco \u00e1reas estrat\u00e9gicas, a saber: preparaci\u00f3n de medios de cultivos b\u00e1sicos, soluciones espec\u00edficas para diferentes rubros, siembra y multiplicaci\u00f3n de material <em>in vitro<\/em> y, un cuarto, de crecimiento para el desarrollo eficiente de las plantas.<\/p>\n\n\n\n<p>Este espacio desarrolla cuatro l\u00edneas de investigaci\u00f3n orientadas al mejoramiento gen\u00e9tico y conservaci\u00f3n <em>in vitro<\/em> de caf\u00e9, cacao, c\u00edtricos, mus\u00e1ceas (pl\u00e1tanos y bananos) y hortalizas.<\/p>\n\n\n\n<p>\u00danico en su estilo en el pa\u00eds, permitir\u00e1 a los investigadores e investigadoras valorar caracter\u00edsticas gen\u00e9ticas de cultivos de inter\u00e9s agr\u00edcola a partir del uso de herramientas de la biolog\u00eda molecular.<\/p>\n\n\n\n<p>Durante esta interacci\u00f3n, el jefe de Estado, Nicol\u00e1s Maduro, se\u00f1al\u00f3 que este laboratorio est\u00e1 para enriquecer \u00abla fortaleza gen\u00e9tica natural de nuestro desarrollo agr\u00edcola. Un desarrollo agr\u00edcola con visi\u00f3n cient\u00edfica del siglo XXI, del mayor nivel que pueda conocerse. Ciencia y tecnolog\u00eda con la Gran Misi\u00f3n Humberto Fern\u00e1ndez Mor\u00e1n\u00bb, pormenoriz\u00f3.<\/p>\n\n\n\n<p><strong>Prensa Presidencial \/ Eduardo Hueck&nbsp;&nbsp;&nbsp;&nbsp;&nbsp;&nbsp;&nbsp;&nbsp;&nbsp;&nbsp;&nbsp;&nbsp;&nbsp;&nbsp;&nbsp;&nbsp;&nbsp;&nbsp;&nbsp;&nbsp;&nbsp;&nbsp;&nbsp;&nbsp;&nbsp;&nbsp;&nbsp;&nbsp;&nbsp;&nbsp;<\/strong><\/p>\n","protected":false},"excerpt":{"rendered":"<p>IVIC, estado Miranda.- El presidente de la Rep\u00fablica Bolivariana de Venezuela, Nicol\u00e1s Maduro Moros, durante la inspecci\u00f3n de los avances en la construcci\u00f3n de la Universidad de las Ciencias de Venezuela \u00abDr.Humberto Fern\u00e1ndez Mor\u00e1n\u00bb, inaugur\u00f3 el Laboratorio de Mejoramiento Gen\u00e9tico de Plantas del Instituto Venezolano de Investigaciones Cient\u00edficas (IVIC). Mediante un enlace televisado por el [&hellip;]<\/p>\n","protected":false},"author":1,"featured_media":13202,"comment_status":"open","ping_status":"open","sticky":false,"template":"","format":"standard","meta":{"footnotes":""},"categories":[18,7],"tags":[817,44],"class_list":["post-13201","post","type-post","status-publish","format-standard","has-post-thumbnail","hentry","category-noticias-principales","category-notas-de-prensa","tag-genetica","tag-ivic"],"_links":{"self":[{"href":"https:\/\/prensapresidencialvenezuela.gob.ve\/index.php\/wp-json\/wp\/v2\/posts\/13201","targetHints":{"allow":["GET"]}}],"collection":[{"href":"https:\/\/prensapresidencialvenezuela.gob.ve\/index.php\/wp-json\/wp\/v2\/posts"}],"about":[{"href":"https:\/\/prensapresidencialvenezuela.gob.ve\/index.php\/wp-json\/wp\/v2\/types\/post"}],"author":[{"embeddable":true,"href":"https:\/\/prensapresidencialvenezuela.gob.ve\/index.php\/wp-json\/wp\/v2\/users\/1"}],"replies":[{"embeddable":true,"href":"https:\/\/prensapresidencialvenezuela.gob.ve\/index.php\/wp-json\/wp\/v2\/comments?post=13201"}],"version-history":[{"count":1,"href":"https:\/\/prensapresidencialvenezuela.gob.ve\/index.php\/wp-json\/wp\/v2\/posts\/13201\/revisions"}],"predecessor-version":[{"id":13203,"href":"https:\/\/prensapresidencialvenezuela.gob.ve\/index.php\/wp-json\/wp\/v2\/posts\/13201\/revisions\/13203"}],"wp:featuredmedia":[{"embeddable":true,"href":"https:\/\/prensapresidencialvenezuela.gob.ve\/index.php\/wp-json\/wp\/v2\/media\/13202"}],"wp:attachment":[{"href":"https:\/\/prensapresidencialvenezuela.gob.ve\/index.php\/wp-json\/wp\/v2\/media?parent=13201"}],"wp:term":[{"taxonomy":"category","embeddable":true,"href":"https:\/\/prensapresidencialvenezuela.gob.ve\/index.php\/wp-json\/wp\/v2\/categories?post=13201"},{"taxonomy":"post_tag","embeddable":true,"href":"https:\/\/prensapresidencialvenezuela.gob.ve\/index.php\/wp-json\/wp\/v2\/tags?post=13201"}],"curies":[{"name":"wp","href":"https:\/\/api.w.org\/{rel}","templated":true}]}}