{"id":13204,"date":"2024-08-28T19:56:43","date_gmt":"2024-08-28T23:56:43","guid":{"rendered":"https:\/\/prensapresidencialvenezuela.gob.ve\/?p=13204"},"modified":"2024-08-28T19:56:43","modified_gmt":"2024-08-28T23:56:43","slug":"centro-de-microscopia-electronica-de-la-facultad-de-ciencias-de-la-ucv-cuenta-con-nuevos-equipos-tecnologicos","status":"publish","type":"post","link":"https:\/\/prensapresidencialvenezuela.gob.ve\/index.php\/2024\/08\/28\/centro-de-microscopia-electronica-de-la-facultad-de-ciencias-de-la-ucv-cuenta-con-nuevos-equipos-tecnologicos\/","title":{"rendered":"Centro de Microscop\u00eda Electr\u00f3nica de la Facultad de Ciencias de la UCV cuenta con nuevos equipos tecnol\u00f3gicos"},"content":{"rendered":"\n<p><strong>IVIC, estado Miranda.- <\/strong>El Jefe de Estado y Gobierno Bolivariano, Nicol\u00e1s Maduro Moros, durante la inspecci\u00f3n de los avances en la construcci\u00f3n de la Universidad de las Ciencias de Venezuela, \u00abDr.Humberto Fern\u00e1ndez Mor\u00e1n\u00bb, mostr\u00f3 al pa\u00eds los nuevos equipos tecnol\u00f3gicos para el Centro de Microscop\u00eda Electr\u00f3nica de la Facultad de Ciencias de la Universidad Central de Venezuela (UCV).<\/p>\n\n\n\n<p>Mediante un enlace televisado por el canal del Estado (VTV) a la UCV, el presidente de la Fundaci\u00f3n Instituto de Ingenier\u00eda para la Investigaci\u00f3n y el Desarrollo Tecnol\u00f3gico, Francisco Dur\u00e1n, indic\u00f3 que, pese a las Medidas Coercitivas Unilaterales impuestas por el gobierno de Estados Unidos y sus aliados, se logr\u00f3 adquirir este microscopio electr\u00f3nico de barrido para fortalecer la investigaci\u00f3n en el pa\u00eds.<\/p>\n\n\n\n<p>Por su parte, el rector de la UCV, V\u00edctor Rago, valor\u00f3 que esta casa de estudios cuente con el apoyo del Gobierno Nacional para la dotaci\u00f3n de equipos, que permitir\u00e1n reforzar las investigaciones y brindar mejores herramientas para formar a los nuevos profesionales de la Patria.<\/p>\n\n\n\n<p>\u00abCon estos equipos en la investigaci\u00f3n, en la Facultad de Ciencias (\u2026) se va a dar un paso importante en la direcci\u00f3n de su desarrollo como instituci\u00f3n de avanzada en materia de investigaci\u00f3n cient\u00edfica y de desarrollo tecnol\u00f3gico\u00bb, recalc\u00f3 Rago, al tiempo que indic\u00f3 que estos equipos tambi\u00e9n ser\u00e1n compartidos para que estudiantes de otras facultades puedan realizar sus estudios de investigaci\u00f3n.<\/p>\n\n\n\n<p>Entre las dotaciones realizadas al centro de investigaci\u00f3n de la Facultad de Ciencia se encuentra el microscopio SEMTM4100, capaz de producir im\u00e1genes de alta resoluci\u00f3n de la superficie de una muestra utilizando las interacciones electr\u00f3n-materia.<\/p>\n\n\n\n<p>Este microscopio forma parte de la red nacional de microscop\u00eda en el pa\u00eds y contribuir\u00e1 al fortalecimiento de los estudios de Microscop\u00eda en la Naci\u00f3n.<\/p>\n\n\n\n<p>Durante esta interacci\u00f3n, el presidente Maduro expres\u00f3: \u00abMe alegra mucho su alegr\u00eda, su optimismo, sus palabras, me motivan. Las sanciones nos hicieron da\u00f1o, claro que s\u00ed. Pero ante cada sanci\u00f3n, mil soluciones. Y vamos avanzando, venciendo las sanciones, paso a paso, con inteligencia, con estrategia, con planificaci\u00f3n\u00bb.<\/p>\n\n\n\n<p>A\u00f1adiendo: \u00abPor ahora mejoramos la infraestructura art\u00edstica, arquitect\u00f3nica, ahora mejoraremos todo lo dem\u00e1s: la infraestructura, el equipamiento y el nivel de vida de los docentes. Todo eso est\u00e1 en el plan, todo eso va a avanzar, todo eso lo vamos a lograr\u00bb, al momento que invit\u00f3 al decano de la Facultad de Ciencias, doctor Ernesto Fuenmayor, a formar parte del equipo del rectorado de la Universidad de las Ciencias \u00abDr.Humberto Fern\u00e1ndez Mor\u00e1n\u00bb.<\/p>\n\n\n\n<p>\u00ab(\u2026) para que el patrimonio hist\u00f3rico del pa\u00eds, de la Facultad de Ciencias de la UCV, venga a nutrir esta universidad, Universidad de las Ciencias \u00abHumberto Fern\u00e1ndez Mor\u00e1n\u00bb. Esta universidad es hija de la Facultad de Ciencias de la UCV\u00bb, expres\u00f3, al reiterar su m\u00e1ximo apoyo a la UCV.<\/p>\n\n\n\n<p><strong>Prensa Presidencial \/ Eduardo Hueck<\/strong><\/p>\n","protected":false},"excerpt":{"rendered":"<p>IVIC, estado Miranda.- El Jefe de Estado y Gobierno Bolivariano, Nicol\u00e1s Maduro Moros, durante la inspecci\u00f3n de los avances en la construcci\u00f3n de la Universidad de las Ciencias de Venezuela, \u00abDr.Humberto Fern\u00e1ndez Mor\u00e1n\u00bb, mostr\u00f3 al pa\u00eds los nuevos equipos tecnol\u00f3gicos para el Centro de Microscop\u00eda Electr\u00f3nica de la Facultad de Ciencias de la Universidad Central [&hellip;]<\/p>\n","protected":false},"author":1,"featured_media":13205,"comment_status":"open","ping_status":"open","sticky":false,"template":"","format":"standard","meta":{"footnotes":""},"categories":[18,7],"tags":[819,818],"class_list":["post-13204","post","type-post","status-publish","format-standard","has-post-thumbnail","hentry","category-noticias-principales","category-notas-de-prensa","tag-microscopia","tag-ucv"],"_links":{"self":[{"href":"https:\/\/prensapresidencialvenezuela.gob.ve\/index.php\/wp-json\/wp\/v2\/posts\/13204","targetHints":{"allow":["GET"]}}],"collection":[{"href":"https:\/\/prensapresidencialvenezuela.gob.ve\/index.php\/wp-json\/wp\/v2\/posts"}],"about":[{"href":"https:\/\/prensapresidencialvenezuela.gob.ve\/index.php\/wp-json\/wp\/v2\/types\/post"}],"author":[{"embeddable":true,"href":"https:\/\/prensapresidencialvenezuela.gob.ve\/index.php\/wp-json\/wp\/v2\/users\/1"}],"replies":[{"embeddable":true,"href":"https:\/\/prensapresidencialvenezuela.gob.ve\/index.php\/wp-json\/wp\/v2\/comments?post=13204"}],"version-history":[{"count":1,"href":"https:\/\/prensapresidencialvenezuela.gob.ve\/index.php\/wp-json\/wp\/v2\/posts\/13204\/revisions"}],"predecessor-version":[{"id":13206,"href":"https:\/\/prensapresidencialvenezuela.gob.ve\/index.php\/wp-json\/wp\/v2\/posts\/13204\/revisions\/13206"}],"wp:featuredmedia":[{"embeddable":true,"href":"https:\/\/prensapresidencialvenezuela.gob.ve\/index.php\/wp-json\/wp\/v2\/media\/13205"}],"wp:attachment":[{"href":"https:\/\/prensapresidencialvenezuela.gob.ve\/index.php\/wp-json\/wp\/v2\/media?parent=13204"}],"wp:term":[{"taxonomy":"category","embeddable":true,"href":"https:\/\/prensapresidencialvenezuela.gob.ve\/index.php\/wp-json\/wp\/v2\/categories?post=13204"},{"taxonomy":"post_tag","embeddable":true,"href":"https:\/\/prensapresidencialvenezuela.gob.ve\/index.php\/wp-json\/wp\/v2\/tags?post=13204"}],"curies":[{"name":"wp","href":"https:\/\/api.w.org\/{rel}","templated":true}]}}