{"id":13220,"date":"2024-08-28T20:20:00","date_gmt":"2024-08-29T00:20:00","guid":{"rendered":"https:\/\/prensapresidencialvenezuela.gob.ve\/?p=13220"},"modified":"2024-08-29T14:58:55","modified_gmt":"2024-08-29T18:58:55","slug":"presidente-maduro-venezuela-ha-triunfado-otra-vez-estamos-en-paz-y-movilizados-en-las-calles","status":"publish","type":"post","link":"https:\/\/prensapresidencialvenezuela.gob.ve\/index.php\/2024\/08\/28\/presidente-maduro-venezuela-ha-triunfado-otra-vez-estamos-en-paz-y-movilizados-en-las-calles\/","title":{"rendered":"Presidente Maduro: \u201cVenezuela ha triunfado otra vez, estamos en paz y movilizados en las calles\u201d"},"content":{"rendered":"\n<p>Palacio de Miraflores, Caracas.- \u201cVenezuela ha triunfado otra vez, estamos en paz y movilizados en las calles\u201d.<\/p>\n\n\n\n<p>As\u00ed sentenci\u00f3 el presidente de la Rep\u00fablica Bolivariana de Venezuela, Nicol\u00e1s Maduro Moros, al recibir, en el Palacio de Miraflores, la Gran Marcha a un mes de la victoria popular en las elecciones presidenciales del 28 de julio.<\/p>\n\n\n\n<p>El Jefe de Estado al afirmar que la batalla que est\u00e1n dando las fuerzas revolucionarias es por la verdad de un pa\u00eds, advirti\u00f3 que se ha querido imponer un relato para justificar la violencia, as\u00ed como se ha buscado sembrar el odio con el prop\u00f3sito de promover la divisi\u00f3n y la intolerancia.<\/p>\n\n\n\n<p>Asimismo, el Dignatario al ratificar que Venezuela es un pa\u00eds soberano e independiente denunci\u00f3 los visos injerencistas ejercidos por algunas naciones del mundo.<\/p>\n\n\n\n<p>Durante el discurso dirigido al pueblo, record\u00f3 que Venezuela le pertenece a los venezolanos y mandan los Poderes P\u00fablicos de la Naci\u00f3n.<\/p>\n\n\n\n<p>\u201cNosotros no nos metemos en los asuntos de nadie\u201d, recalc\u00f3, al exigir al mundo \u201cno meter sus narices en los asuntos internos de Venezuela y respetar la soberan\u00eda y la vida interna de Venezuela\u201d.<\/p>\n\n\n\n<p>Durante este acto en que el pueblo venezolano ratific\u00f3 su apoyo rotundo al Gobierno Revolucionario, Maduro indic\u00f3 que jam\u00e1s se va a cansar en llamar al \u201cdialogo y entendimiento porque tenemos la raz\u00f3n, la verdad hist\u00f3rica, el proyecto de pa\u00eds potencia, el pueblo, la experiencia, la uni\u00f3n c\u00edvico-militar-policial, somos la encarnaci\u00f3n de la fuerza sagrada de la Patria\u201d.<\/p>\n\n\n\n<p><strong>Prensa Presidencial\/ Eduardo Hueck<\/strong><\/p>\n","protected":false},"excerpt":{"rendered":"<p>Palacio de Miraflores, Caracas.- \u201cVenezuela ha triunfado otra vez, estamos en paz y movilizados en las calles\u201d. As\u00ed sentenci\u00f3 el presidente de la Rep\u00fablica Bolivariana de Venezuela, Nicol\u00e1s Maduro Moros, al recibir, en el Palacio de Miraflores, la Gran Marcha a un mes de la victoria popular en las elecciones presidenciales del 28 de julio. [&hellip;]<\/p>\n","protected":false},"author":1,"featured_media":13221,"comment_status":"open","ping_status":"open","sticky":false,"template":"","format":"standard","meta":{"footnotes":""},"categories":[18,7],"tags":[557,451],"class_list":["post-13220","post","type-post","status-publish","format-standard","has-post-thumbnail","hentry","category-noticias-principales","category-notas-de-prensa","tag-paz","tag-pueblo"],"_links":{"self":[{"href":"https:\/\/prensapresidencialvenezuela.gob.ve\/index.php\/wp-json\/wp\/v2\/posts\/13220","targetHints":{"allow":["GET"]}}],"collection":[{"href":"https:\/\/prensapresidencialvenezuela.gob.ve\/index.php\/wp-json\/wp\/v2\/posts"}],"about":[{"href":"https:\/\/prensapresidencialvenezuela.gob.ve\/index.php\/wp-json\/wp\/v2\/types\/post"}],"author":[{"embeddable":true,"href":"https:\/\/prensapresidencialvenezuela.gob.ve\/index.php\/wp-json\/wp\/v2\/users\/1"}],"replies":[{"embeddable":true,"href":"https:\/\/prensapresidencialvenezuela.gob.ve\/index.php\/wp-json\/wp\/v2\/comments?post=13220"}],"version-history":[{"count":1,"href":"https:\/\/prensapresidencialvenezuela.gob.ve\/index.php\/wp-json\/wp\/v2\/posts\/13220\/revisions"}],"predecessor-version":[{"id":13222,"href":"https:\/\/prensapresidencialvenezuela.gob.ve\/index.php\/wp-json\/wp\/v2\/posts\/13220\/revisions\/13222"}],"wp:featuredmedia":[{"embeddable":true,"href":"https:\/\/prensapresidencialvenezuela.gob.ve\/index.php\/wp-json\/wp\/v2\/media\/13221"}],"wp:attachment":[{"href":"https:\/\/prensapresidencialvenezuela.gob.ve\/index.php\/wp-json\/wp\/v2\/media?parent=13220"}],"wp:term":[{"taxonomy":"category","embeddable":true,"href":"https:\/\/prensapresidencialvenezuela.gob.ve\/index.php\/wp-json\/wp\/v2\/categories?post=13220"},{"taxonomy":"post_tag","embeddable":true,"href":"https:\/\/prensapresidencialvenezuela.gob.ve\/index.php\/wp-json\/wp\/v2\/tags?post=13220"}],"curies":[{"name":"wp","href":"https:\/\/api.w.org\/{rel}","templated":true}]}}