{"id":13280,"date":"2024-08-30T19:34:43","date_gmt":"2024-08-30T23:34:43","guid":{"rendered":"https:\/\/prensapresidencialvenezuela.gob.ve\/?p=13280"},"modified":"2024-08-30T19:34:44","modified_gmt":"2024-08-30T23:34:44","slug":"presidente-nicolas-maduro-ofrece-balance-de-la-agresion-criminal-contra-el-sen","status":"publish","type":"post","link":"https:\/\/prensapresidencialvenezuela.gob.ve\/index.php\/2024\/08\/30\/presidente-nicolas-maduro-ofrece-balance-de-la-agresion-criminal-contra-el-sen\/","title":{"rendered":"Presidente Nicol\u00e1s Maduro ofrece balance de la agresi\u00f3n criminal contra el SEN"},"content":{"rendered":"\n<p><strong>Palacio de Miraflores, Caracas.-<\/strong> Desde el Puesto de Comando Presidencial, el comandante en jefe de la Fuerza Armada Nacional Bolivariana (FANB) y presidente de la Rep\u00fablica Bolivariana de Venezuela, Nicol\u00e1s Maduro, ofrece balance de la agresi\u00f3n criminal contra el Servicio El\u00e9ctrico Nacional (SEN).<\/p>\n\n\n\n<p>M\u00e1s temprano, el Mandatario nacional se pronunci\u00f3 acerca de esta agresi\u00f3n a trav\u00e9s de su cuenta de la red social Threads @nicolasmaduro, en donde rechaz\u00f3 el ataque y reafirm\u00f3 su irrestricto acompa\u00f1amiento al pueblo bolivariano.<\/p>\n\n\n\n<p>\u00abComo siempre estoy junto al pueblo y me encuentro al frente de la situaci\u00f3n, enfrentando este ataque criminal contra el Sistema El\u00e9ctrico Nacional. Lo he dicho y lo repito: \u00a1Calma y Cordura, Nervios de Acero! El fascismo desesperado ataca al pueblo, pero juntos superaremos esta nueva arremetida. \u00a1Nosotros Siempre Venceremos!\u00bb, expres\u00f3 a trav\u00e9s de este mensaje.<\/p>\n\n\n\n<p>En este sentido, el ministro de Relaciones, Justicia y Paz, Diosdado Cabello, anunci\u00f3 en horas de la ma\u00f1ana de este viernes que el Servicio El\u00e9ctrico Nacional \u00abse ha restituido en varias partes del pa\u00eds bajo los protocolos de seguridad\u00bb.<\/p>\n\n\n\n<p>Explic\u00f3 el inicio del plan de contingencia, as\u00ed como la supervisi\u00f3n de los servicios p\u00fablicos: \u00abTodos los servicios se est\u00e1n chequeando, supervisando y en este momento ya comienza a energizarse la red y a recibir energ\u00eda el\u00e9ctrica en algunos sectores de Caracas; es un proceso que va ocurriendo poco a poco en medio de seguridad\u00bb, fue parte del balance que ofreci\u00f3 m\u00e1s temprano el alto funcionario.<\/p>\n\n\n\n<p><strong>Prensa Presidencial \/ Ana\u00eds P\u00e9rez<\/strong><\/p>\n","protected":false},"excerpt":{"rendered":"<p>Palacio de Miraflores, Caracas.- Desde el Puesto de Comando Presidencial, el comandante en jefe de la Fuerza Armada Nacional Bolivariana (FANB) y presidente de la Rep\u00fablica Bolivariana de Venezuela, Nicol\u00e1s Maduro, ofrece balance de la agresi\u00f3n criminal contra el Servicio El\u00e9ctrico Nacional (SEN). M\u00e1s temprano, el Mandatario nacional se pronunci\u00f3 acerca de esta agresi\u00f3n a [&hellip;]<\/p>\n","protected":false},"author":1,"featured_media":13281,"comment_status":"open","ping_status":"open","sticky":false,"template":"","format":"standard","meta":{"footnotes":""},"categories":[18,7],"tags":[711,519],"class_list":["post-13280","post","type-post","status-publish","format-standard","has-post-thumbnail","hentry","category-noticias-principales","category-notas-de-prensa","tag-ataque","tag-balance"],"_links":{"self":[{"href":"https:\/\/prensapresidencialvenezuela.gob.ve\/index.php\/wp-json\/wp\/v2\/posts\/13280","targetHints":{"allow":["GET"]}}],"collection":[{"href":"https:\/\/prensapresidencialvenezuela.gob.ve\/index.php\/wp-json\/wp\/v2\/posts"}],"about":[{"href":"https:\/\/prensapresidencialvenezuela.gob.ve\/index.php\/wp-json\/wp\/v2\/types\/post"}],"author":[{"embeddable":true,"href":"https:\/\/prensapresidencialvenezuela.gob.ve\/index.php\/wp-json\/wp\/v2\/users\/1"}],"replies":[{"embeddable":true,"href":"https:\/\/prensapresidencialvenezuela.gob.ve\/index.php\/wp-json\/wp\/v2\/comments?post=13280"}],"version-history":[{"count":1,"href":"https:\/\/prensapresidencialvenezuela.gob.ve\/index.php\/wp-json\/wp\/v2\/posts\/13280\/revisions"}],"predecessor-version":[{"id":13282,"href":"https:\/\/prensapresidencialvenezuela.gob.ve\/index.php\/wp-json\/wp\/v2\/posts\/13280\/revisions\/13282"}],"wp:featuredmedia":[{"embeddable":true,"href":"https:\/\/prensapresidencialvenezuela.gob.ve\/index.php\/wp-json\/wp\/v2\/media\/13281"}],"wp:attachment":[{"href":"https:\/\/prensapresidencialvenezuela.gob.ve\/index.php\/wp-json\/wp\/v2\/media?parent=13280"}],"wp:term":[{"taxonomy":"category","embeddable":true,"href":"https:\/\/prensapresidencialvenezuela.gob.ve\/index.php\/wp-json\/wp\/v2\/categories?post=13280"},{"taxonomy":"post_tag","embeddable":true,"href":"https:\/\/prensapresidencialvenezuela.gob.ve\/index.php\/wp-json\/wp\/v2\/tags?post=13280"}],"curies":[{"name":"wp","href":"https:\/\/api.w.org\/{rel}","templated":true}]}}