{"id":13339,"date":"2024-09-04T19:12:06","date_gmt":"2024-09-04T23:12:06","guid":{"rendered":"https:\/\/prensapresidencialvenezuela.gob.ve\/?p=13339"},"modified":"2024-09-04T19:12:06","modified_gmt":"2024-09-04T23:12:06","slug":"presidente-destaca-resistencia-del-pueblo-ante-intentos-de-desestabilizacion","status":"publish","type":"post","link":"https:\/\/prensapresidencialvenezuela.gob.ve\/index.php\/2024\/09\/04\/presidente-destaca-resistencia-del-pueblo-ante-intentos-de-desestabilizacion\/","title":{"rendered":"Presidente destaca resistencia del pueblo ante intentos de desestabilizaci\u00f3n"},"content":{"rendered":"\n<p><strong>El Junquito, Caracas<\/strong>.- El presidente de la Rep\u00fablica Bolivariana de Venezuela, Nicol\u00e1s Maduro Moros, hizo hincapi\u00e9 en la importancia de la resistencia del pueblo y en la capacidad de superar los desaf\u00edos, al denunciar los intentos de la extrema derecha que busca desestabilizar al pa\u00eds y da\u00f1ar al pueblo.<\/p>\n\n\n\n<p>\u00ab\u00bfQui\u00e9n es capaz de planificar golpear al pueblo, hacerle da\u00f1o al pueblo? El diablo (\u2026). Esto es una obra del diablo, porque hay que ser bien malo, y en este caso, bien perversa y mala, criminales. Ella es una persona criminal. Yo se los digo no solo por lo que ha hecho, si no que por lo que est\u00e1 planificando hacer. Ustedes van a saber, en las pr\u00f3ximas horas y en los pr\u00f3ximos d\u00edas, los planes que estamos develando\u00bb, subray\u00f3.<\/p>\n\n\n\n<p>El jefe de Estado mencion\u00f3 la labor de inteligencia y contrainteligencia del pa\u00eds, as\u00ed como la colaboraci\u00f3n con otros pa\u00edses, en la prevenci\u00f3n de nuevos actos criminales.<\/p>\n\n\n\n<p>\u00ab(\u2026) ellos ten\u00edan un objetivo, entre varios, hacerle da\u00f1o a los hospitales, que los enfermos de di\u00e1lisis no se les dializaran, cosa grave; que a la gente que se tiene que operar de emergencia no se operara y afectar como nos afectaron el 2019. Lo digo todav\u00eda con dolor, con mucho dolor, como nos afectaron en el 2019 ese era su objetivo \u00bfY qu\u00e9 pas\u00f3? El pueblo venci\u00f3\u00bb, destac\u00f3.<\/p>\n\n\n\n<p>Por su parte, la ministra del Poder Popular para la Salud, Magaly Guti\u00e9rrez, resalt\u00f3 la importancia de la resistencia y la solidaridad del pueblo venezolano, y la capacidad del Sistema de Salud para mantener los servicios operativos, incluso en medio de situaciones adversas.<\/p>\n\n\n\n<p>\u00abTodos los servicios resguardados: Dobles plantas el\u00e9ctricas, servicios operativos de quir\u00f3fanos, de rayos X, de las consultas, de las emergencias, de las salas de parto, de la di\u00e1lisis, inclusive las privadas\u00bb, afirm\u00f3 Magaly, resaltando la dedicaci\u00f3n del personal de salud y la coordinaci\u00f3n efectiva para garantizar la atenci\u00f3n a los pacientes.<\/p>\n\n\n\n<p>Durante esta jornada dedicada al Sector Salud, Maduro, ante los intentos de desestabilizaci\u00f3n, reafirm\u00f3 la fortaleza del pueblo venezolano y concluy\u00f3: \u00abNo pudieron, no podr\u00e1n, ni ayer ni hoy, ni nunca. M\u00e1s podr\u00e1 el amor\u00bb.<\/p>\n\n\n\n<p><strong>Prensa Presidencial \/ Eduardo Hueck<a><\/a><\/strong><\/p>\n","protected":false},"excerpt":{"rendered":"<p>El Junquito, Caracas.- El presidente de la Rep\u00fablica Bolivariana de Venezuela, Nicol\u00e1s Maduro Moros, hizo hincapi\u00e9 en la importancia de la resistencia del pueblo y en la capacidad de superar los desaf\u00edos, al denunciar los intentos de la extrema derecha que busca desestabilizar al pa\u00eds y da\u00f1ar al pueblo. \u00ab\u00bfQui\u00e9n es capaz de planificar golpear [&hellip;]<\/p>\n","protected":false},"author":1,"featured_media":13340,"comment_status":"open","ping_status":"open","sticky":false,"template":"","format":"standard","meta":{"footnotes":""},"categories":[18,7],"tags":[451,633],"class_list":["post-13339","post","type-post","status-publish","format-standard","has-post-thumbnail","hentry","category-noticias-principales","category-notas-de-prensa","tag-pueblo","tag-resistencia"],"_links":{"self":[{"href":"https:\/\/prensapresidencialvenezuela.gob.ve\/index.php\/wp-json\/wp\/v2\/posts\/13339","targetHints":{"allow":["GET"]}}],"collection":[{"href":"https:\/\/prensapresidencialvenezuela.gob.ve\/index.php\/wp-json\/wp\/v2\/posts"}],"about":[{"href":"https:\/\/prensapresidencialvenezuela.gob.ve\/index.php\/wp-json\/wp\/v2\/types\/post"}],"author":[{"embeddable":true,"href":"https:\/\/prensapresidencialvenezuela.gob.ve\/index.php\/wp-json\/wp\/v2\/users\/1"}],"replies":[{"embeddable":true,"href":"https:\/\/prensapresidencialvenezuela.gob.ve\/index.php\/wp-json\/wp\/v2\/comments?post=13339"}],"version-history":[{"count":1,"href":"https:\/\/prensapresidencialvenezuela.gob.ve\/index.php\/wp-json\/wp\/v2\/posts\/13339\/revisions"}],"predecessor-version":[{"id":13341,"href":"https:\/\/prensapresidencialvenezuela.gob.ve\/index.php\/wp-json\/wp\/v2\/posts\/13339\/revisions\/13341"}],"wp:featuredmedia":[{"embeddable":true,"href":"https:\/\/prensapresidencialvenezuela.gob.ve\/index.php\/wp-json\/wp\/v2\/media\/13340"}],"wp:attachment":[{"href":"https:\/\/prensapresidencialvenezuela.gob.ve\/index.php\/wp-json\/wp\/v2\/media?parent=13339"}],"wp:term":[{"taxonomy":"category","embeddable":true,"href":"https:\/\/prensapresidencialvenezuela.gob.ve\/index.php\/wp-json\/wp\/v2\/categories?post=13339"},{"taxonomy":"post_tag","embeddable":true,"href":"https:\/\/prensapresidencialvenezuela.gob.ve\/index.php\/wp-json\/wp\/v2\/tags?post=13339"}],"curies":[{"name":"wp","href":"https:\/\/api.w.org\/{rel}","templated":true}]}}