{"id":13367,"date":"2024-09-06T17:55:25","date_gmt":"2024-09-06T21:55:25","guid":{"rendered":"https:\/\/prensapresidencialvenezuela.gob.ve\/?p=13367"},"modified":"2024-09-11T22:51:52","modified_gmt":"2024-09-12T02:51:52","slug":"hace-209-anos-bolivar-escribe-la-carta-de-jamaica","status":"publish","type":"post","link":"https:\/\/prensapresidencialvenezuela.gob.ve\/index.php\/2024\/09\/06\/hace-209-anos-bolivar-escribe-la-carta-de-jamaica\/","title":{"rendered":"Hace 209 a\u00f1os Bol\u00edvar escribe la Carta de Jamaica"},"content":{"rendered":"\n<p><strong>La Carlota, estado Mirand<\/strong>a.- Hace 209 a\u00f1os en Kingston, Sim\u00f3n Bol\u00edvar escribe la famosa Carta de Jamaica, documento emblem\u00e1tico donde el Libertador resume los ideales program\u00e1ticos sobre la lucha independentista, de su lucha, destacando la imperiosa necesidad de mantener viva una campa\u00f1a en pro de la libertad de Am\u00e9rica, reconociendo el esfuerzo que, tanto los patriotas venezolanos como de toda la regi\u00f3n latinoamericana, han hecho por la emancipaci\u00f3n de Am\u00e9rica Latina, por la emancipaci\u00f3n de Suram\u00e9rica, desde el a\u00f1o 1810 hasta septiembre de 1815, cuando redacta la famosa misiva.<\/p>\n\n\n\n<p>En dicho documento Bol\u00edvar resume ideales sobre la liberaci\u00f3n de la Am\u00e9rica y de sus pueblos, con profundo sentimiento humanista. Liberaci\u00f3n de la regi\u00f3n, la cual durante tres siglos de dominaci\u00f3n y barbarie espa\u00f1ola, ha padecido durante los \u00faltimos cinco a\u00f1os un proceso de independencia que no debe suspenderse.<\/p>\n\n\n\n<p>El presidente de la Rep\u00fablica Bolivariana de Venezuela, Nicol\u00e1s Maduro, al conmemorarse la insigne fecha de la Carta de Jamaica, escrita por el Libertador Sim\u00f3n Bol\u00edvar un 6 de septiembre de 1815, ha dicho que la Carta de Jamaica han sido l\u00edneas prof\u00e9ticas, donde Bol\u00edvar expresa la grandeza de su pluma como hombre visionario, que siempre so\u00f1\u00f3 con la unidad de los pueblos de Am\u00e9rica como aut\u00e9ntica v\u00eda para la liberaci\u00f3n de la patria ante la amenaza imperial.<\/p>\n\n\n\n<p>La Carta de Jamaica escrita por Sim\u00f3n Bol\u00edvar en Kingston, capital de la otrora colonia brit\u00e1nica de Jamaica, se da en respuesta&nbsp; una misiva de Henry Cullen, cuyo t\u00edtulo fue \u00abConstestaci\u00f3n de un Americano Meridional\u00bb dirigida a un comerciante jamaiquino de origen brit\u00e1nico residente en Falmouth, Montego Bay, donde el Libertador expone las razones que provocaron la ca\u00edda de la Segunda Rep\u00fablica en el marco de la lucha independentista de Venezuela, convirti\u00e9ndose en uno de los documentos m\u00e1s relevantes sobre la historia del nuevo mundo, que impulsa la emancipaci\u00f3n de los pueblos en busca de su libertad y derrotar al dominio colonial espa\u00f1ol, fundamentado en su propia autodeterminaci\u00f3n, con claros principios de justicia social.<\/p>\n\n\n\n<p><strong>Prensa Presidencial \/ <a><\/a>Orlando Ruiz<\/strong><\/p>\n","protected":false},"excerpt":{"rendered":"<p>La Carlota, estado Miranda.- Hace 209 a\u00f1os en Kingston, Sim\u00f3n Bol\u00edvar escribe la famosa Carta de Jamaica, documento emblem\u00e1tico donde el Libertador resume los ideales program\u00e1ticos sobre la lucha independentista, de su lucha, destacando la imperiosa necesidad de mantener viva una campa\u00f1a en pro de la libertad de Am\u00e9rica, reconociendo el esfuerzo que, tanto los [&hellip;]<\/p>\n","protected":false},"author":1,"featured_media":13368,"comment_status":"open","ping_status":"open","sticky":false,"template":"","format":"standard","meta":{"footnotes":""},"categories":[28,10],"tags":[580,840],"class_list":["post-13367","post","type-post","status-publish","format-standard","has-post-thumbnail","hentry","category-imagenes-del-dia","category-especiales","tag-bolivar","tag-carta"],"_links":{"self":[{"href":"https:\/\/prensapresidencialvenezuela.gob.ve\/index.php\/wp-json\/wp\/v2\/posts\/13367","targetHints":{"allow":["GET"]}}],"collection":[{"href":"https:\/\/prensapresidencialvenezuela.gob.ve\/index.php\/wp-json\/wp\/v2\/posts"}],"about":[{"href":"https:\/\/prensapresidencialvenezuela.gob.ve\/index.php\/wp-json\/wp\/v2\/types\/post"}],"author":[{"embeddable":true,"href":"https:\/\/prensapresidencialvenezuela.gob.ve\/index.php\/wp-json\/wp\/v2\/users\/1"}],"replies":[{"embeddable":true,"href":"https:\/\/prensapresidencialvenezuela.gob.ve\/index.php\/wp-json\/wp\/v2\/comments?post=13367"}],"version-history":[{"count":1,"href":"https:\/\/prensapresidencialvenezuela.gob.ve\/index.php\/wp-json\/wp\/v2\/posts\/13367\/revisions"}],"predecessor-version":[{"id":13369,"href":"https:\/\/prensapresidencialvenezuela.gob.ve\/index.php\/wp-json\/wp\/v2\/posts\/13367\/revisions\/13369"}],"wp:featuredmedia":[{"embeddable":true,"href":"https:\/\/prensapresidencialvenezuela.gob.ve\/index.php\/wp-json\/wp\/v2\/media\/13368"}],"wp:attachment":[{"href":"https:\/\/prensapresidencialvenezuela.gob.ve\/index.php\/wp-json\/wp\/v2\/media?parent=13367"}],"wp:term":[{"taxonomy":"category","embeddable":true,"href":"https:\/\/prensapresidencialvenezuela.gob.ve\/index.php\/wp-json\/wp\/v2\/categories?post=13367"},{"taxonomy":"post_tag","embeddable":true,"href":"https:\/\/prensapresidencialvenezuela.gob.ve\/index.php\/wp-json\/wp\/v2\/tags?post=13367"}],"curies":[{"name":"wp","href":"https:\/\/api.w.org\/{rel}","templated":true}]}}