{"id":13455,"date":"2024-09-11T22:23:55","date_gmt":"2024-09-12T02:23:55","guid":{"rendered":"https:\/\/prensapresidencialvenezuela.gob.ve\/?p=13455"},"modified":"2024-09-12T16:57:10","modified_gmt":"2024-09-12T20:57:10","slug":"presidente-nicolas-maduro-creo-la-internacional-antifascista-en-la-ciudad-de-caracas","status":"publish","type":"post","link":"https:\/\/prensapresidencialvenezuela.gob.ve\/index.php\/2024\/09\/11\/presidente-nicolas-maduro-creo-la-internacional-antifascista-en-la-ciudad-de-caracas\/","title":{"rendered":"Nace la Gran Internacional Antifascista"},"content":{"rendered":"\n<p><strong>La Carlota, estado Miranda.- <\/strong>El presidente Nicol\u00e1s Maduro afirm\u00f3 que hoy en Venezuela se est\u00e1 dando una batalla definitiva. Inst\u00f3 a los movimientos sociales, pol\u00edticos, intelectuales, de artistas, creadores del mundo, al mundo entero, entender las razones de lucha; a su vez pidi\u00f3 el apoyo, el acompa\u00f1amiento y la solidaridad de todos los movimientos antifascistas, anticolonialistas, antiimperialistas y democr\u00e1ticos del mundo, para la batalla que est\u00e1 dando Venezuela, por su derecho a la libertad y al futuro.<\/p>\n\n\n\n<p>En esa misma l\u00ednea, el presidente Maduro anunci\u00f3 que se crea la Gran Internacional Antifascista, y con la aprobaci\u00f3n de los delegados presentes en el Congreso mundial contra el fascismo, neo- fascismo y expresiones similares.<\/p>\n\n\n\n<p>Tambi\u00e9n aprob\u00f3 la edici\u00f3n N\u00b0 13 del Premio Libertador al Pensamiento Cr\u00edtico y convoc\u00f3 a los escritores, intelectuales, para que presenten sus obras, sobre el fen\u00f3meno fascismo, neofacismo y la batalla de las redes sociales, desde este momento al mes de diciembre.<\/p>\n\n\n\n<p>En el marco de este Congreso Fundacional de la Internacional Fascista, el presidente Nicol\u00e1s Maduro afirm\u00f3 que hay mucho trabajo por hacer, \u00absi logramos formular alternativas viables para cada uno de los pa\u00edses, que permitan afirmar modelos alternativos ante al neoliberalismo, al liberalismo, fascismo, que pretenden imponerse en el mundo; la tarea, nuestra misi\u00f3n estar\u00e1 cumplida\u00bb.<\/p>\n\n\n\n<p>El Mandatario Nacional concluy\u00f3: \u00abS\u00e9 que tenemos la fuerza moral, espiritual, pol\u00edtica, para unir a todo el que pueda ser unido en este mundo bueno y que esta internacional fascista lidere las batallas presente y futuras por un mundo diferente\u00bb.<\/p>\n\n\n\n<p><strong>Prensa presidencial \/ Geraldine Quintero<\/strong><\/p>\n","protected":false},"excerpt":{"rendered":"<p>La Carlota, estado Miranda.- El presidente Nicol\u00e1s Maduro afirm\u00f3 que hoy en Venezuela se est\u00e1 dando una batalla definitiva. Inst\u00f3 a los movimientos sociales, pol\u00edticos, intelectuales, de artistas, creadores del mundo, al mundo entero, entender las razones de lucha; a su vez pidi\u00f3 el apoyo, el acompa\u00f1amiento y la solidaridad de todos los movimientos antifascistas, [&hellip;]<\/p>\n","protected":false},"author":1,"featured_media":13456,"comment_status":"open","ping_status":"open","sticky":false,"template":"","format":"standard","meta":{"footnotes":""},"categories":[18,7],"tags":[],"class_list":["post-13455","post","type-post","status-publish","format-standard","has-post-thumbnail","hentry","category-noticias-principales","category-notas-de-prensa"],"_links":{"self":[{"href":"https:\/\/prensapresidencialvenezuela.gob.ve\/index.php\/wp-json\/wp\/v2\/posts\/13455","targetHints":{"allow":["GET"]}}],"collection":[{"href":"https:\/\/prensapresidencialvenezuela.gob.ve\/index.php\/wp-json\/wp\/v2\/posts"}],"about":[{"href":"https:\/\/prensapresidencialvenezuela.gob.ve\/index.php\/wp-json\/wp\/v2\/types\/post"}],"author":[{"embeddable":true,"href":"https:\/\/prensapresidencialvenezuela.gob.ve\/index.php\/wp-json\/wp\/v2\/users\/1"}],"replies":[{"embeddable":true,"href":"https:\/\/prensapresidencialvenezuela.gob.ve\/index.php\/wp-json\/wp\/v2\/comments?post=13455"}],"version-history":[{"count":3,"href":"https:\/\/prensapresidencialvenezuela.gob.ve\/index.php\/wp-json\/wp\/v2\/posts\/13455\/revisions"}],"predecessor-version":[{"id":13474,"href":"https:\/\/prensapresidencialvenezuela.gob.ve\/index.php\/wp-json\/wp\/v2\/posts\/13455\/revisions\/13474"}],"wp:featuredmedia":[{"embeddable":true,"href":"https:\/\/prensapresidencialvenezuela.gob.ve\/index.php\/wp-json\/wp\/v2\/media\/13456"}],"wp:attachment":[{"href":"https:\/\/prensapresidencialvenezuela.gob.ve\/index.php\/wp-json\/wp\/v2\/media?parent=13455"}],"wp:term":[{"taxonomy":"category","embeddable":true,"href":"https:\/\/prensapresidencialvenezuela.gob.ve\/index.php\/wp-json\/wp\/v2\/categories?post=13455"},{"taxonomy":"post_tag","embeddable":true,"href":"https:\/\/prensapresidencialvenezuela.gob.ve\/index.php\/wp-json\/wp\/v2\/tags?post=13455"}],"curies":[{"name":"wp","href":"https:\/\/api.w.org\/{rel}","templated":true}]}}