{"id":1346,"date":"2022-03-02T16:10:00","date_gmt":"2022-03-02T16:10:00","guid":{"rendered":"http:\/\/172.27.0.121\/?p=1346"},"modified":"2022-06-07T16:11:43","modified_gmt":"2022-06-07T16:11:43","slug":"presidente-maduro-rechazo-xenofobia-contra-ciudadanos-rusos","status":"publish","type":"post","link":"https:\/\/prensapresidencialvenezuela.gob.ve\/index.php\/2022\/03\/02\/presidente-maduro-rechazo-xenofobia-contra-ciudadanos-rusos\/","title":{"rendered":"Presidente Maduro rechaz\u00f3 xenofobia contra ciudadanos rusos"},"content":{"rendered":"\n<p><strong>Fuerte Tiuna, Caracas.-<\/strong> El jefe de Estado venezolano, Nicol\u00e1s Maduro, rechaz\u00f3 las acciones de racismo, xenofobia y persecuci\u00f3n que se ha desatado en contra de los ciudadanos rusos.<\/p>\n\n\n\n<p>Maduro se refiri\u00f3 al caso de la Filarm\u00f3nica de M\u00fanich, que prescindi\u00f3 de su director titular, el ruso Valeri Gu\u00e9rguiev, por no pronunciarse sobre el conflicto entre Rusia y Ucrania.<\/p>\n\n\n\n<p>\u201cAhora persiguen a los rusos en el mundo, un director de orquestas filarm\u00f3nicas, un gran compositor, lo botan de una orquesta filarm\u00f3nica de Europa solo por ser ruso, eso se llama xenofobia, racismo, persecuci\u00f3n y violaci\u00f3n de los derechos humanos\u201d, denunci\u00f3 Maduro.<\/p>\n\n\n\n<p>Asimismo, el Mandatario bolivariano hizo menci\u00f3n al ruso Rom\u00e1n Abramovich, quien comunic\u00f3 oficialmente que puso&nbsp;en venta a Chelsea&nbsp;casi dos d\u00e9cadas despu\u00e9s de haberlo comprado,&nbsp;debido a las&nbsp;m\u00faltiples derivaciones econ\u00f3micas que implican las medidas coercitivas unilaterales en contra de Rusia.<\/p>\n\n\n\n<p>\u201cLo presionan y persiguen para que venda el equipo\u201d, subray\u00f3 el Presidente al repudiar las amenazas del gobernante estadounidense, Joe Biden, de perseguir y destruir \u201ca lo que \u00e9l llama oligarcas rusos\u201d.<\/p>\n\n\n\n<p>En ese sentido, Maduro rechaz\u00f3 la doble moral de Estados Unidos y la Uni\u00f3n Europea, pues los \u201cmultimillonarios rusos capitalistas son oligarcas y los multimillonarios estadounidenses y europeos, son empresarios (\u2026) Ahora Biden es anti oligarca, ahora la \u00e9lite europea pro estadounidense es anti olig\u00e1rquica, solo les falta convertirse en antiimperialistas\u201d sentenci\u00f3.<\/p>\n\n\n\n<p><strong>Campa\u00f1a medi\u00e1tica<\/strong><\/p>\n\n\n\n<p>El jefe de Estado venezolano tambi\u00e9n repudi\u00f3 \u201cla guerra medi\u00e1tica brutal de mentiras, campa\u00f1as tendenciosas\u201d y manipulaci\u00f3n en contra de Rusia, las cuales calific\u00f3 de \u201cvomitivas y asqueantes\u201d.<\/p>\n\n\n\n<p>Rese\u00f1\u00f3 el caso de la prensa espa\u00f1ola, la cual tild\u00f3 de \u201carrastrada a los intereses de Estados Unidos en la regi\u00f3n\u201d.<\/p>\n\n\n\n<p>Al respecto cuestion\u00f3 \u201c\u00bfPor qu\u00e9 los multimillonarios capitalistas de Rusia son oligarcas y los multimillonarios capitalistas de Espa\u00f1a no son oligarcas? \u00bfCu\u00e1l es la diferencia? \u00bfPor qu\u00e9 Amancio Ortega, multimillonario, due\u00f1o de Espa\u00f1a no es oligarca? (\u2026) Le pregunto al peri\u00f3dico Publico, \u00bfpor qu\u00e9 ellos asumen el lenguaje completo de las campa\u00f1as internacionales?, para que ustedes vean como se manipula la opini\u00f3n p\u00fablica internacional\u201d.<\/p>\n\n\n\n<p><strong>Prensa Presidencial\/Bianca Borrero<\/strong><\/p>\n","protected":false},"excerpt":{"rendered":"<p>Fuerte Tiuna, Caracas.- El jefe de Estado venezolano, Nicol\u00e1s Maduro, rechaz\u00f3 las acciones de racismo, xenofobia y persecuci\u00f3n que se ha desatado en contra de los ciudadanos rusos. Maduro se refiri\u00f3 al caso de la Filarm\u00f3nica de M\u00fanich, que prescindi\u00f3 de su director titular, el ruso Valeri Gu\u00e9rguiev, por no pronunciarse sobre el conflicto entre [&hellip;]<\/p>\n","protected":false},"author":6,"featured_media":1347,"comment_status":"open","ping_status":"open","sticky":false,"template":"","format":"standard","meta":{"footnotes":""},"categories":[7],"tags":[],"class_list":["post-1346","post","type-post","status-publish","format-standard","has-post-thumbnail","hentry","category-notas-de-prensa"],"_links":{"self":[{"href":"https:\/\/prensapresidencialvenezuela.gob.ve\/index.php\/wp-json\/wp\/v2\/posts\/1346","targetHints":{"allow":["GET"]}}],"collection":[{"href":"https:\/\/prensapresidencialvenezuela.gob.ve\/index.php\/wp-json\/wp\/v2\/posts"}],"about":[{"href":"https:\/\/prensapresidencialvenezuela.gob.ve\/index.php\/wp-json\/wp\/v2\/types\/post"}],"author":[{"embeddable":true,"href":"https:\/\/prensapresidencialvenezuela.gob.ve\/index.php\/wp-json\/wp\/v2\/users\/6"}],"replies":[{"embeddable":true,"href":"https:\/\/prensapresidencialvenezuela.gob.ve\/index.php\/wp-json\/wp\/v2\/comments?post=1346"}],"version-history":[{"count":1,"href":"https:\/\/prensapresidencialvenezuela.gob.ve\/index.php\/wp-json\/wp\/v2\/posts\/1346\/revisions"}],"predecessor-version":[{"id":1348,"href":"https:\/\/prensapresidencialvenezuela.gob.ve\/index.php\/wp-json\/wp\/v2\/posts\/1346\/revisions\/1348"}],"wp:featuredmedia":[{"embeddable":true,"href":"https:\/\/prensapresidencialvenezuela.gob.ve\/index.php\/wp-json\/wp\/v2\/media\/1347"}],"wp:attachment":[{"href":"https:\/\/prensapresidencialvenezuela.gob.ve\/index.php\/wp-json\/wp\/v2\/media?parent=1346"}],"wp:term":[{"taxonomy":"category","embeddable":true,"href":"https:\/\/prensapresidencialvenezuela.gob.ve\/index.php\/wp-json\/wp\/v2\/categories?post=1346"},{"taxonomy":"post_tag","embeddable":true,"href":"https:\/\/prensapresidencialvenezuela.gob.ve\/index.php\/wp-json\/wp\/v2\/tags?post=1346"}],"curies":[{"name":"wp","href":"https:\/\/api.w.org\/{rel}","templated":true}]}}