{"id":13483,"date":"2024-09-12T20:51:57","date_gmt":"2024-09-13T00:51:57","guid":{"rendered":"https:\/\/prensapresidencialvenezuela.gob.ve\/?p=13483"},"modified":"2024-09-12T20:51:58","modified_gmt":"2024-09-13T00:51:58","slug":"presidente-propone-fundar-escuela-de-formacion-de-liderazgos-de-la-juventud-venezolana","status":"publish","type":"post","link":"https:\/\/prensapresidencialvenezuela.gob.ve\/index.php\/2024\/09\/12\/presidente-propone-fundar-escuela-de-formacion-de-liderazgos-de-la-juventud-venezolana\/","title":{"rendered":"Presidente propone fundar escuela de formaci\u00f3n de liderazgos de la juventud venezolana"},"content":{"rendered":"\n<p><strong>Plaza de la Rebeli\u00f3n Antiimperialista, Caracas.- <\/strong>El Presidente Constitucional de la Rep\u00fablica Bolivariana de Venezuela, Nicol\u00e1s Maduro, en acto con la Juventud del Partido Socialista Unido de Venezuela, propuso fundar escuela de formaci\u00f3n de liderazgos de la juventud venezolana.<\/p>\n\n\n\n<p>El Mandatario venezolano sostuvo que la juventud venezolana tiene mucho que dar en los pr\u00f3ximos a\u00f1os y consider\u00f3 que desde el nuevo centro de formaci\u00f3n se debe impulsar un partido pol\u00edtico revolucionario de la juventud que luche por transformar y construir una sociedad de iguales con \u00e9tica y con moral, para la dirigir los a\u00f1os venideros del Siglo XXI.<\/p>\n\n\n\n<p>\u201cTenemos tareas inmediatas adem\u00e1s del Primer Congreso Antifascista de la Juventud en noviembre, por ello propongo que fundemos algo que no existe una gran Escuela de Formaci\u00f3n de Liderazgo de la Juventud Venezolana. Quiero ver pronto este proyecto de lo que debe ser una buena escuela nacional e internacional denominada Antonio Jos\u00e9 de Sucre para formar a nuestra juventud.&nbsp; En segundo lugar, propongo que nuestra juventud a trav\u00e9s del partido pol\u00edtico revolucionario, luche&nbsp; por transformar y construir una sociedad de iguales\u00bb.<\/p>\n\n\n\n<p>El Presidente Nicol\u00e1s Maduro, considera que la juventud del Partido Socialista de Venezuela, es la vanguardia ideol\u00f3gica y moral para construir el socialismo de nuestra Patria grande.<\/p>\n\n\n\n<p>\u201cYo considero,&nbsp; que debe ser la juventud, como concepto correcto en esta nueva etapa, con la visi\u00f3n que tengo, que ustedes est\u00e1n llamados a ser la vanguardia, alegre, humana y el motor principal, para construir una nueva fuerza de vanguardia en la juventud socialista\u00bb.<\/p>\n\n\n\n<p>El Presidente Maduro afirm\u00f3 que se debe trascender en el tiempo, porque \u201cen Venezuela se debe acabar el maleficio&nbsp; de la traici\u00f3n&nbsp; prevaleciendo la lealtad y el amor por la Patria\u201d.<\/p>\n\n\n\n<p>Exhort\u00f3 a la juventud venezolana a dar la batalla por los valores y por la causa de la Patria,&nbsp; sobre todo ahora que&nbsp; Venezuela est\u00e1 siendo agredida a nivel mundial.<\/p>\n\n\n\n<p>\u201cEl Imperialismo Norteamericano cree que puede conquistar y colonizar a Venezuela, ellos creen que pueden imponer por la fuerza al fascismo, la intolerancia y la divisi\u00f3n.&nbsp; Ellos son el mal,&nbsp; \u00e9sta es una batalla entre el bien, entre la verdad y la justicia y el mal.&nbsp;&nbsp; Por eso puse el ejemplo de David contra Goliat,&nbsp; llevamos la fuerza que nos da Dios y la fuerza del pueblo&nbsp; y ustedes juventud venezolana est\u00e1n llamados a defender la causa m\u00e1s nombre que es su Patria\u201d, describi\u00f3.<\/p>\n\n\n\n<p>Acot\u00f3 que la juventud del Partido Socialista Unido de Venezuela, no debe ser solamente la juventud del PSUV sino&nbsp; la juventud de la sociedad venezolana, y propuso incluir un nuevo concepto para que lo debatan y escojan entre dos nombres.&nbsp; El primero:&nbsp; Uni\u00f3n de J\u00f3venes Socialistas de Venezuela y el segundo:&nbsp; Juventud Socialista de Venezuela,&nbsp; para que sea la juventud,&nbsp; m\u00e1s all\u00e1 de un simple partido organizado en vanguardia, y trascienda su visi\u00f3n partidista, sin convertirse en personas sectarias, abriendo compuertas para la inclusi\u00f3n y los grandes objetivos.<\/p>\n\n\n\n<p>\u201cTenemos que organizar una nueva vanguardia, trascender la visi\u00f3n partidista, hay que romper de ra\u00edz con cualquier desviaci\u00f3n y abrir las compuertas en b\u00fasqueda de toda la juventud en conciencia y valores y grandes objetivos.&nbsp;&nbsp; Ustedes de por s\u00ed son una generaci\u00f3n brillante&nbsp; en uni\u00f3n de la juventud,&nbsp; son generaci\u00f3n de oro,&nbsp; generaci\u00f3n joven y generaci\u00f3n genial y&nbsp; forman&nbsp; un gran bloque de juventud&nbsp; brillante que tiene Venezuela,&nbsp; adem\u00e1s de valientes.&nbsp; Ustedes est\u00e1n llamados a hacer la vanguardia, alegre humana y el motor principal que espera&nbsp; el futuro de nuestro pa\u00eds Venezuela\u00bb, explic\u00f3.<\/p>\n\n\n\n<p>Prensa Presidencial\/Orlando Ruiz<\/p>\n\n\n\n<p><\/p>\n","protected":false},"excerpt":{"rendered":"<p>Plaza de la Rebeli\u00f3n Antiimperialista, Caracas.- El Presidente Constitucional de la Rep\u00fablica Bolivariana de Venezuela, Nicol\u00e1s Maduro, en acto con la Juventud del Partido Socialista Unido de Venezuela, propuso fundar escuela de formaci\u00f3n de liderazgos de la juventud venezolana. El Mandatario venezolano sostuvo que la juventud venezolana tiene mucho que dar en los pr\u00f3ximos a\u00f1os [&hellip;]<\/p>\n","protected":false},"author":1,"featured_media":13484,"comment_status":"open","ping_status":"open","sticky":false,"template":"","format":"standard","meta":{"footnotes":""},"categories":[18,7],"tags":[109,856],"class_list":["post-13483","post","type-post","status-publish","format-standard","has-post-thumbnail","hentry","category-noticias-principales","category-notas-de-prensa","tag-juventud","tag-liderazgos"],"_links":{"self":[{"href":"https:\/\/prensapresidencialvenezuela.gob.ve\/index.php\/wp-json\/wp\/v2\/posts\/13483","targetHints":{"allow":["GET"]}}],"collection":[{"href":"https:\/\/prensapresidencialvenezuela.gob.ve\/index.php\/wp-json\/wp\/v2\/posts"}],"about":[{"href":"https:\/\/prensapresidencialvenezuela.gob.ve\/index.php\/wp-json\/wp\/v2\/types\/post"}],"author":[{"embeddable":true,"href":"https:\/\/prensapresidencialvenezuela.gob.ve\/index.php\/wp-json\/wp\/v2\/users\/1"}],"replies":[{"embeddable":true,"href":"https:\/\/prensapresidencialvenezuela.gob.ve\/index.php\/wp-json\/wp\/v2\/comments?post=13483"}],"version-history":[{"count":1,"href":"https:\/\/prensapresidencialvenezuela.gob.ve\/index.php\/wp-json\/wp\/v2\/posts\/13483\/revisions"}],"predecessor-version":[{"id":13485,"href":"https:\/\/prensapresidencialvenezuela.gob.ve\/index.php\/wp-json\/wp\/v2\/posts\/13483\/revisions\/13485"}],"wp:featuredmedia":[{"embeddable":true,"href":"https:\/\/prensapresidencialvenezuela.gob.ve\/index.php\/wp-json\/wp\/v2\/media\/13484"}],"wp:attachment":[{"href":"https:\/\/prensapresidencialvenezuela.gob.ve\/index.php\/wp-json\/wp\/v2\/media?parent=13483"}],"wp:term":[{"taxonomy":"category","embeddable":true,"href":"https:\/\/prensapresidencialvenezuela.gob.ve\/index.php\/wp-json\/wp\/v2\/categories?post=13483"},{"taxonomy":"post_tag","embeddable":true,"href":"https:\/\/prensapresidencialvenezuela.gob.ve\/index.php\/wp-json\/wp\/v2\/tags?post=13483"}],"curies":[{"name":"wp","href":"https:\/\/api.w.org\/{rel}","templated":true}]}}