{"id":13517,"date":"2024-09-16T20:53:53","date_gmt":"2024-09-17T00:53:53","guid":{"rendered":"https:\/\/prensapresidencialvenezuela.gob.ve\/?p=13517"},"modified":"2024-09-16T20:54:34","modified_gmt":"2024-09-17T00:54:34","slug":"presidente-maduro-destaca-reaccion-contundente-y-gigantesca-de-las-instituciones-venezolanas-ante-sanciones","status":"publish","type":"post","link":"https:\/\/prensapresidencialvenezuela.gob.ve\/index.php\/2024\/09\/16\/presidente-maduro-destaca-reaccion-contundente-y-gigantesca-de-las-instituciones-venezolanas-ante-sanciones\/","title":{"rendered":"Presidente destaca reacci\u00f3n \u201ccontundente\u201d de las instituciones venezolanas ante sanciones"},"content":{"rendered":"\n<p><strong>Teatro Teresa Carre\u00f1o, Caracas.-<\/strong> El presidente de la Rep\u00fablica Bolivariana de Venezuela, Nicol\u00e1s Maduro Moros, indic\u00f3 que la reacci\u00f3n de las instituciones venezolanas, ante las mal llamadas sanciones estadounidense, ha sido contundente y gigantesca.<\/p>\n\n\n\n<p>&nbsp;\u201cAhora la reacci\u00f3n que tuvo inmediata las mal llamadas sanciones fue contundente, fue gigantesca, la reacci\u00f3n del Poder Judicial venezolano, en una sola voz desde su m\u00e1xima instancia de direcci\u00f3n en el Tribunal Supremo de Justicia, la reacci\u00f3n del Poder Electoral venezolano, la reacci\u00f3n de la Fuerza Armada Nacional Bolivariana como poder militar soberano de Venezuela y la reacci\u00f3n de la canciller\u00eda venezolana fue realmente una reacci\u00f3n que dej\u00f3 muy mal parado a este intento despreciable del gobierno actual de los Estados Unidos por tratar de da\u00f1ar a Venezuela\u201d, sentenci\u00f3.<\/p>\n\n\n\n<p>El Jefe de Estado adem\u00e1s explic\u00f3 que esta estrategia, conocida desde hace tiempo por los venezolanos, tiene un fuerte componente psicol\u00f3gico, cuyo objetivo es \u201cllenar de zozobra a un pa\u00eds, a las instituciones y a los l\u00edderes de todos los Poderes P\u00fablicos\u201d.<\/p>\n\n\n\n<p>Asimismo, recalc\u00f3 que desde el 31 de julio, tras la derrota del \u201cfascismo\u201d en las urnas electorales, Estados Unidos amenaz\u00f3 con nuevas sanciones, denunciando a la principal promotora de est\u00e1s acciones ilegales contra la naci\u00f3n.<\/p>\n\n\n\n<p>\u201c(\u2026) est\u00e1s sanciones pedidas con lista p\u00fablica por la Mar\u00eda Machado, jefa del fascismo venezolano, pidi\u00f3 nuevas sanciones contra Venezuela, contra el pa\u00eds y en espec\u00edfico es la responsable de todas las amenazas y de toda la campa\u00f1a psicol\u00f3gica que hay\u201d, denunci\u00f3.<\/p>\n\n\n\n<p>El Mandatario critic\u00f3 duramente la postura del gobierno estadounidense, calificando estas acciones como \u201cilegales\u201d e \u201cinmorales\u201d, tras cuestionar la actuaci\u00f3n de ese gobierno para \u201camenazar p\u00fablicamente\u201d y \u201cchantajear\u201d a funcionarios de un pa\u00eds independiente como Venezuela.<\/p>\n\n\n\n<p>\u201cHay que verle la cara a la prepotencia, a la petulancia de un gobierno que pretende convertirse en polic\u00eda del mundo que pretende convertirse en gobierno del mundo, en juez del mundo \u00bfQui\u00e9n le dio esa potestad a ellos para amenazar p\u00fablicamente, para chantajear p\u00fablicamente a los magistrados de un pa\u00eds independiente como Venezuela, a los rectores del Poder Electoral de un pa\u00eds independiente como Venezuela, a los l\u00edderes militares de nuestro pa\u00eds, a importantes funcionarios del gobierno nacional. \u00bfQui\u00e9n le dio esa potestad al gobierno de los Estados Unidos?\u201d, subray\u00f3.<\/p>\n\n\n\n<p>El Dignatario venezolano indic\u00f3 que, en lugar de generar presi\u00f3n o temor, estas acciones han fortalecido la conciencia antiimperialista y anticolonialista en Venezuela.<\/p>\n\n\n\n<p>\u201cLo que ha hecho-las sanciones- es que en el pa\u00eds sea creciente la conciencia antiimperialista, anti-colonialista, moral combativa de todas las instituciones y del pueblo. Esas pretend\u00edas sanciones son condecoraciones que inspiran la lucha hoy de nuestro pueblo y de todos los que queremos a este pa\u00eds\u201d, explic\u00f3.<\/p>\n\n\n\n<p><strong>Prensa Presidencial \/ Eduardo Hueck<\/strong><\/p>\n","protected":false},"excerpt":{"rendered":"<p>Teatro Teresa Carre\u00f1o, Caracas.- El presidente de la Rep\u00fablica Bolivariana de Venezuela, Nicol\u00e1s Maduro Moros, indic\u00f3 que la reacci\u00f3n de las instituciones venezolanas, ante las mal llamadas sanciones estadounidense, ha sido contundente y gigantesca. &nbsp;\u201cAhora la reacci\u00f3n que tuvo inmediata las mal llamadas sanciones fue contundente, fue gigantesca, la reacci\u00f3n del Poder Judicial venezolano, en [&hellip;]<\/p>\n","protected":false},"author":1,"featured_media":13518,"comment_status":"open","ping_status":"open","sticky":false,"template":"","format":"standard","meta":{"footnotes":""},"categories":[18,7],"tags":[861,528],"class_list":["post-13517","post","type-post","status-publish","format-standard","has-post-thumbnail","hentry","category-noticias-principales","category-notas-de-prensa","tag-conciencia","tag-defensa"],"_links":{"self":[{"href":"https:\/\/prensapresidencialvenezuela.gob.ve\/index.php\/wp-json\/wp\/v2\/posts\/13517","targetHints":{"allow":["GET"]}}],"collection":[{"href":"https:\/\/prensapresidencialvenezuela.gob.ve\/index.php\/wp-json\/wp\/v2\/posts"}],"about":[{"href":"https:\/\/prensapresidencialvenezuela.gob.ve\/index.php\/wp-json\/wp\/v2\/types\/post"}],"author":[{"embeddable":true,"href":"https:\/\/prensapresidencialvenezuela.gob.ve\/index.php\/wp-json\/wp\/v2\/users\/1"}],"replies":[{"embeddable":true,"href":"https:\/\/prensapresidencialvenezuela.gob.ve\/index.php\/wp-json\/wp\/v2\/comments?post=13517"}],"version-history":[{"count":2,"href":"https:\/\/prensapresidencialvenezuela.gob.ve\/index.php\/wp-json\/wp\/v2\/posts\/13517\/revisions"}],"predecessor-version":[{"id":13520,"href":"https:\/\/prensapresidencialvenezuela.gob.ve\/index.php\/wp-json\/wp\/v2\/posts\/13517\/revisions\/13520"}],"wp:featuredmedia":[{"embeddable":true,"href":"https:\/\/prensapresidencialvenezuela.gob.ve\/index.php\/wp-json\/wp\/v2\/media\/13518"}],"wp:attachment":[{"href":"https:\/\/prensapresidencialvenezuela.gob.ve\/index.php\/wp-json\/wp\/v2\/media?parent=13517"}],"wp:term":[{"taxonomy":"category","embeddable":true,"href":"https:\/\/prensapresidencialvenezuela.gob.ve\/index.php\/wp-json\/wp\/v2\/categories?post=13517"},{"taxonomy":"post_tag","embeddable":true,"href":"https:\/\/prensapresidencialvenezuela.gob.ve\/index.php\/wp-json\/wp\/v2\/tags?post=13517"}],"curies":[{"name":"wp","href":"https:\/\/api.w.org\/{rel}","templated":true}]}}