{"id":13534,"date":"2024-09-16T22:20:16","date_gmt":"2024-09-17T02:20:16","guid":{"rendered":"https:\/\/prensapresidencialvenezuela.gob.ve\/?p=13534"},"modified":"2024-09-16T22:20:16","modified_gmt":"2024-09-17T02:20:16","slug":"arranca-nueva-etapa-del-poder-juvenil-venezolano-en-los-circuitos-comunales","status":"publish","type":"post","link":"https:\/\/prensapresidencialvenezuela.gob.ve\/index.php\/2024\/09\/16\/arranca-nueva-etapa-del-poder-juvenil-venezolano-en-los-circuitos-comunales\/","title":{"rendered":"Arranca nueva etapa del poder juvenil venezolano en los circuitos comunales"},"content":{"rendered":"\n<p><strong>Teatro Teresa Carre\u00f1o, Caracas.-<\/strong>El presidente de la Rep\u00fablica Bolivariana de Venezuela, Nicol\u00e1s Maduro, anunci\u00f3 el inicio de una nueva etapa del poder juvenil venezolano en los diversos circuitos comunales del pa\u00eds.<\/p>\n\n\n\n<p>En el segmento \u201cCon Maduro + Juventud\u201d,&nbsp; junto a la ministra del Poder Popular para la Juventud, Grecia Colmenares, el Mandatario aludi\u00f3 lo hermoso de este proyecto, para ir cada vez m\u00e1s a la territorializaci\u00f3n de los planes en Revoluci\u00f3n.<\/p>\n\n\n\n<p>\u201cEs uno de los proyectos m\u00e1s hermosos que tenemos, es de organizar a la juventud en la comunidad&nbsp; y que se transforme en protagonista de los cambios de su barrio, urbanismo o comunidad y vayan formulando los proyectos que van surgiendo para la vida deportiva, cultural, social, la recreaci\u00f3n. La juventud venezolana no est\u00e1 hu\u00e9rfana, tiene qui\u00e9n la apoye y la proteja; estamos para respaldar, proteger, acompa\u00f1ar, en todo lo que podamos y m\u00e1s all\u00e1 a esta juventud hermosa que se levanta desde temprana edad\u201d, destac\u00f3 el presidente Maduro.<\/p>\n\n\n\n<p>Estamos en la nueva \u00e9poca de transici\u00f3n al socialismo, record\u00f3, al tiempo que destac\u00f3 que \u201chay una nueva \u00e9poca de transici\u00f3n cultural en la humanidad\u201d.<\/p>\n\n\n\n<p>\u201c(\u2026) No habr\u00e1 transici\u00f3n al capitalismo salvaje en Venezuela, nuestra transici\u00f3n es al futuro, a la sociedad humana, lo m\u00e1s hermoso es apoyar a la juventud a labrar su propio camino. La juventud ni la revoluci\u00f3n, no puede depender de nada,&nbsp; ni de nadie, debe tener su base, su esp\u00edritu volc\u00e1nico en ustedes\u201d, asever\u00f3.<\/p>\n\n\n\n<p>Por eso, \u201ceste proyecto es tan hermoso, arranca el proyecto para constituir, organizar a miles, a millones de j\u00f3venes en los n\u00facleos, los comit\u00e9s y forma de organizaci\u00f3n de la juventud en los circuitos comunales\u201d.<\/p>\n\n\n\n<p>La Ministra del Poder Popular para la Juventud, Grecia Colmenares, destac\u00f3 el inicio de un gran equipo promotor conformado por m\u00e1s de 160 promotores de diversas organizaciones, activistas que se ir\u00e1n al resto del pa\u00eds, m\u00e1s de 49 mil consejos comunales.<\/p>\n\n\n\n<p>Posteriormente, se ubicar\u00e1 a los 25 mil j\u00f3venes como voceros vigentes en los consejos comunales, luego en el circuito comunal se efectuar\u00e1 encuentro de con los voceros, adem\u00e1s del trabajo comunicacional en calles, medios, redes y paredes.<\/p>\n\n\n\n<p>Adem\u00e1s el ministro del Poder Popular para el Deporte Arnaldo S\u00e1nchez, destac\u00f3 el exitoso despliegue del Plan Vacacional Comunitario \u201cMostacho Fest\u201d, conformado por recreadores, promotores deportivos en m\u00e1s de 4 mil 500 puntos, en el cual se atendieron a ni\u00f1os, ni\u00f1as, adolescentes del pa\u00eds, durante cinco semanas.<\/p>\n\n\n\n<p>Adem\u00e1s, de 128 mil j\u00f3venes que participaron en campamentos del reto juvenil, con desarrollo formativo, como elementos transversales a la actividad f\u00edsica.<\/p>\n\n\n\n<p><a><\/a><strong>Prensa Presidencial \/ Geraldine Quintero&nbsp;<\/strong><\/p>\n\n\n\n<p><\/p>\n","protected":false},"excerpt":{"rendered":"<p>Teatro Teresa Carre\u00f1o, Caracas.-El presidente de la Rep\u00fablica Bolivariana de Venezuela, Nicol\u00e1s Maduro, anunci\u00f3 el inicio de una nueva etapa del poder juvenil venezolano en los diversos circuitos comunales del pa\u00eds. En el segmento \u201cCon Maduro + Juventud\u201d,&nbsp; junto a la ministra del Poder Popular para la Juventud, Grecia Colmenares, el Mandatario aludi\u00f3 lo hermoso [&hellip;]<\/p>\n","protected":false},"author":1,"featured_media":13535,"comment_status":"open","ping_status":"open","sticky":false,"template":"","format":"standard","meta":{"footnotes":""},"categories":[18,7],"tags":[80,109],"class_list":["post-13534","post","type-post","status-publish","format-standard","has-post-thumbnail","hentry","category-noticias-principales","category-notas-de-prensa","tag-comunas","tag-juventud"],"_links":{"self":[{"href":"https:\/\/prensapresidencialvenezuela.gob.ve\/index.php\/wp-json\/wp\/v2\/posts\/13534","targetHints":{"allow":["GET"]}}],"collection":[{"href":"https:\/\/prensapresidencialvenezuela.gob.ve\/index.php\/wp-json\/wp\/v2\/posts"}],"about":[{"href":"https:\/\/prensapresidencialvenezuela.gob.ve\/index.php\/wp-json\/wp\/v2\/types\/post"}],"author":[{"embeddable":true,"href":"https:\/\/prensapresidencialvenezuela.gob.ve\/index.php\/wp-json\/wp\/v2\/users\/1"}],"replies":[{"embeddable":true,"href":"https:\/\/prensapresidencialvenezuela.gob.ve\/index.php\/wp-json\/wp\/v2\/comments?post=13534"}],"version-history":[{"count":1,"href":"https:\/\/prensapresidencialvenezuela.gob.ve\/index.php\/wp-json\/wp\/v2\/posts\/13534\/revisions"}],"predecessor-version":[{"id":13536,"href":"https:\/\/prensapresidencialvenezuela.gob.ve\/index.php\/wp-json\/wp\/v2\/posts\/13534\/revisions\/13536"}],"wp:featuredmedia":[{"embeddable":true,"href":"https:\/\/prensapresidencialvenezuela.gob.ve\/index.php\/wp-json\/wp\/v2\/media\/13535"}],"wp:attachment":[{"href":"https:\/\/prensapresidencialvenezuela.gob.ve\/index.php\/wp-json\/wp\/v2\/media?parent=13534"}],"wp:term":[{"taxonomy":"category","embeddable":true,"href":"https:\/\/prensapresidencialvenezuela.gob.ve\/index.php\/wp-json\/wp\/v2\/categories?post=13534"},{"taxonomy":"post_tag","embeddable":true,"href":"https:\/\/prensapresidencialvenezuela.gob.ve\/index.php\/wp-json\/wp\/v2\/tags?post=13534"}],"curies":[{"name":"wp","href":"https:\/\/api.w.org\/{rel}","templated":true}]}}