{"id":13556,"date":"2024-09-16T22:26:00","date_gmt":"2024-09-17T02:26:00","guid":{"rendered":"https:\/\/prensapresidencialvenezuela.gob.ve\/?p=13556"},"modified":"2024-09-17T16:45:37","modified_gmt":"2024-09-17T20:45:37","slug":"plan-terrorista-contra-venezuela-vincula-a-militar-activo-estadounidense-con-grupos-delictivos","status":"publish","type":"post","link":"https:\/\/prensapresidencialvenezuela.gob.ve\/index.php\/2024\/09\/16\/plan-terrorista-contra-venezuela-vincula-a-militar-activo-estadounidense-con-grupos-delictivos\/","title":{"rendered":"Plan terrorista contra Venezuela vincula a militar activo estadounidense con grupos delictivos"},"content":{"rendered":"\n<p><strong>Palacio de Miraflores, Caracas.-<\/strong> Durante el programa \u201cCon Maduro +\u201d, en una interacci\u00f3n del presidente de la Rep\u00fablica, Nicol\u00e1s Maduro y el ministro de Interior Justicia y Paz, Diosdado Cabello, compartieron informaci\u00f3n sobre la investigaci\u00f3n en curso relacionada con un plan terrorista contra el pa\u00eds.<\/p>\n\n\n\n<p>El ministro Cabello revel\u00f3 que la investigaci\u00f3n se ha centrado en tres frentes principales: acciones terroristas, mercenarios, y armamento.<\/p>\n\n\n\n<p>Asimismo, destac\u00f3 que se han incautado &lt;&lt;m\u00e1s de cuatrocientos fusiles hab\u00edan sido capturados. Cuatrocientos equipamientos, en teor\u00eda, para cuatrocientos hombres, para accionarlos \u00bfContra qui\u00e9n? Contra nuestro pueblo>>.<\/p>\n\n\n\n<p>El presidente Maduro complement\u00f3 la informaci\u00f3n, mencionando que el descubrimiento se realiz\u00f3 gracias a &lt;&lt;fuentes de inteligencia populares, nacionales e internacionales>>.<\/p>\n\n\n\n<p>Ambas autoridades detallaron c\u00f3mo la captura de algunos sospechosos llev\u00f3 a descubrir v\u00ednculos con el grupo conocido como \u201cTren de Aragua\u201d, Maduro mencion\u00f3 espec\u00edficamente a un individuo apodado \u201cEl Ni\u00f1o Guerrero\u201d, indicando que hab\u00eda sido captado por la Agencia Central de Inteligencia (CIA), y fue quien dirigi\u00f3 personalmente parte de los disturbios ocurridos entre el 29 y 31 de julio.<\/p>\n\n\n\n<p>&lt;&lt;Ten\u00edamos varias informaciones de que el Ni\u00f1o Guerrero est\u00e1 en Venezuela, que el Ni\u00f1o Guerrero fue captado por la CIA, que todo el operativo que se hizo a nivel mundial para declarar al Ni\u00f1o Guerrero terrorista formaba parte de una fachada para taparle realmente, para chantajearlo, obligarlo a sumarse al gobierno de Estados Unidos en la agresi\u00f3n contra Venezuela y que el Ni\u00f1o Guerrero dirigi\u00f3, personalmente, parte de los desmanes y la violencia criminal del 29, 30 y 31 de julio\u201d, detall\u00f3.<br>Un punto destacado fue la menci\u00f3n del militar activo estadounidense, identificado como Wilber Joseph Casta\u00f1eda, quien estableci\u00f3 contacto con una mujer vinculada al \u201cTren de Aragua\u201d para coordinar operaciones terroristas que, ten\u00edan como objetivo coincidir con las elecciones del 28 de julio>>, detall\u00f3.<\/p>\n\n\n\n<p>El Jefe de Estado, subray\u00f3 que existen pruebas que vinculan a este militar con el plan, las cuales ser\u00e1n presentadas por la fiscal\u00eda en los tribunales correspondientes, asimismo, pormenoriz\u00f3 que el plan inclu\u00eda acciones para el d\u00eda de las elecciones, mencionando la distribuci\u00f3n de panfletos en Miami y Colombia que anunciaban acciones contra el Palacio de Miraflores, independientemente de los resultados electorales.<\/p>\n\n\n\n<p><strong>Prensa Presidencial\/ Eduardo Hueck<\/strong><\/p>\n","protected":false},"excerpt":{"rendered":"<p>Palacio de Miraflores, Caracas.- Durante el programa \u201cCon Maduro +\u201d, en una interacci\u00f3n del presidente de la Rep\u00fablica, Nicol\u00e1s Maduro y el ministro de Interior Justicia y Paz, Diosdado Cabello, compartieron informaci\u00f3n sobre la investigaci\u00f3n en curso relacionada con un plan terrorista contra el pa\u00eds. El ministro Cabello revel\u00f3 que la investigaci\u00f3n se ha centrado [&hellip;]<\/p>\n","protected":false},"author":1,"featured_media":13557,"comment_status":"open","ping_status":"open","sticky":false,"template":"","format":"standard","meta":{"footnotes":""},"categories":[18,7],"tags":[30,19,27,20],"class_list":["post-13556","post","type-post","status-publish","format-standard","has-post-thumbnail","hentry","category-noticias-principales","category-notas-de-prensa","tag-destacado","tag-nicolas-maduro","tag-revolucion-bolivariana","tag-venezuela"],"_links":{"self":[{"href":"https:\/\/prensapresidencialvenezuela.gob.ve\/index.php\/wp-json\/wp\/v2\/posts\/13556","targetHints":{"allow":["GET"]}}],"collection":[{"href":"https:\/\/prensapresidencialvenezuela.gob.ve\/index.php\/wp-json\/wp\/v2\/posts"}],"about":[{"href":"https:\/\/prensapresidencialvenezuela.gob.ve\/index.php\/wp-json\/wp\/v2\/types\/post"}],"author":[{"embeddable":true,"href":"https:\/\/prensapresidencialvenezuela.gob.ve\/index.php\/wp-json\/wp\/v2\/users\/1"}],"replies":[{"embeddable":true,"href":"https:\/\/prensapresidencialvenezuela.gob.ve\/index.php\/wp-json\/wp\/v2\/comments?post=13556"}],"version-history":[{"count":1,"href":"https:\/\/prensapresidencialvenezuela.gob.ve\/index.php\/wp-json\/wp\/v2\/posts\/13556\/revisions"}],"predecessor-version":[{"id":13558,"href":"https:\/\/prensapresidencialvenezuela.gob.ve\/index.php\/wp-json\/wp\/v2\/posts\/13556\/revisions\/13558"}],"wp:featuredmedia":[{"embeddable":true,"href":"https:\/\/prensapresidencialvenezuela.gob.ve\/index.php\/wp-json\/wp\/v2\/media\/13557"}],"wp:attachment":[{"href":"https:\/\/prensapresidencialvenezuela.gob.ve\/index.php\/wp-json\/wp\/v2\/media?parent=13556"}],"wp:term":[{"taxonomy":"category","embeddable":true,"href":"https:\/\/prensapresidencialvenezuela.gob.ve\/index.php\/wp-json\/wp\/v2\/categories?post=13556"},{"taxonomy":"post_tag","embeddable":true,"href":"https:\/\/prensapresidencialvenezuela.gob.ve\/index.php\/wp-json\/wp\/v2\/tags?post=13556"}],"curies":[{"name":"wp","href":"https:\/\/api.w.org\/{rel}","templated":true}]}}