{"id":13591,"date":"2024-09-19T20:56:10","date_gmt":"2024-09-20T00:56:10","guid":{"rendered":"https:\/\/prensapresidencialvenezuela.gob.ve\/?p=13591"},"modified":"2024-09-19T20:58:41","modified_gmt":"2024-09-20T00:58:41","slug":"exportaciones-se-elevan-un-248-comparado-con-la-iv-republica","status":"publish","type":"post","link":"https:\/\/prensapresidencialvenezuela.gob.ve\/index.php\/2024\/09\/19\/exportaciones-se-elevan-un-248-comparado-con-la-iv-republica\/","title":{"rendered":"Exportaciones se elevan un 248 % comparado con la IV Rep\u00fablica"},"content":{"rendered":"\n<p><strong>Puerto de la Guaira, estado La Guaira.- <\/strong>En el Consejo de Econom\u00eda \u00abCap\u00edtulo Exportaci\u00f3n\u00bb, la vicepresidenta ejecutiva de la Rep\u00fablica, Delcy Rodr\u00edguez, inform\u00f3, como parte de la pol\u00edtica de promoci\u00f3n de la exportaci\u00f3n no petrolera, impulsado \u00aben la V Rep\u00fablica, que se ha alcanzado el 248% m\u00e1s de exportaci\u00f3n, en relaci\u00f3n a la IV Rep\u00fablica\u00bb.<\/p>\n\n\n\n<p>En un evento trascendental para el futuro econ\u00f3mico de Venezuela. La vicepresidenta del pa\u00eds, Delcy Rodr\u00edguez, junto al presidente Nicol\u00e1s Maduro, destac\u00f3 la crucial importancia de fomentar la vocaci\u00f3n exportadora de la naci\u00f3n con una visi\u00f3n a largo plazo, centrada en los pr\u00f3ximos 100 a\u00f1os.<\/p>\n\n\n\n<p>Durante esta jornada hist\u00f3rica se anunciaron avances significativos en la promoci\u00f3n de exportaciones no petroleras, marcando un claro giro hacia una econom\u00eda m\u00e1s productiva y diversificada.<\/p>\n\n\n\n<p>\u00abEstamos aqu\u00ed para impulsar la producci\u00f3n venezolana m\u00e1s all\u00e1 de la renta petrolera\u00bb, afirm\u00f3 la vicepresidenta ejecutiva, quien resalt\u00f3 que actualmente m\u00e1s de 500 empresas est\u00e1n involucradas en la exportaci\u00f3n de productos venezolanos, con una muestra impresionante de 250 productos que ya est\u00e1n siendo enviados al extranjero. Este esfuerzo evidencia un cambio radical en la cultura econ\u00f3mica del pa\u00eds.<\/p>\n\n\n\n<p>La variedad de productos exportados abarca desde alimentos y licores hasta textiles y productos agr\u00edcolas, demostrando un compromiso real por diversificar tanto los productos como los mercados internacionales. Seg\u00fan datos oficiales, esta nueva estrategia ha propiciado un incremento del 248% en las exportaciones en comparaci\u00f3n con la IV Rep\u00fablica.<\/p>\n\n\n\n<p>La vicepresidenta subray\u00f3 que este impulso es vital para contrarrestar el bloqueo econ\u00f3mico y generar nuevas fuentes de ingresos en divisas. \u00abLa diversificaci\u00f3n es clave para el crecimiento sostenible del pa\u00eds\u00bb, a\u00f1adi\u00f3.<\/p>\n\n\n\n<p>El evento tambi\u00e9n cont\u00f3 con la participaci\u00f3n de destacados exportadores locales, como T\u00edo Pollo y j\u00f3venes emprendedores del sector textil, reafirmando as\u00ed el compromiso del Gobierno con una econom\u00eda que aprovecha su potencial productivo y busca integrarse en el mercado global.<\/p>\n\n\n\n<p>En una reuni\u00f3n del Consejo de Econom\u00eda, se hizo hincapi\u00e9 en la producci\u00f3n y exportaci\u00f3n de flores venezolanas.<\/p>\n\n\n\n<p>&nbsp;Se anunci\u00f3 que en los pr\u00f3ximos 20 d\u00edas comenzar\u00e1 la exportaci\u00f3n de flores de alta calidad a Rusia, marcando un paso significativo para el sector agr\u00edcola.<\/p>\n\n\n\n<p>El productor Randall Flores present\u00f3 21 variedades cultivadas en el pa\u00eds, enfatizando su calidad excepcional incluso sin agua. \u00abEl mundo espera a Venezuela con la calidad de sus productos\u00bb, afirm\u00f3 el presidente.<\/p>\n\n\n\n<p>Adem\u00e1s, se destac\u00f3 que actualmente 15 estados est\u00e1n involucrados en este esfuerzo exportador, reflejando as\u00ed un compromiso nacional por diversificar la econom\u00eda. La reuni\u00f3n se centr\u00f3 en fortalecer las pol\u00edticas productivas y fomentar un di\u00e1logo constructivo entre el Gobierno y los sectores productivos, con miras a consolidar una econom\u00eda exportadora robusta.<\/p>\n\n\n\n<p>Este nuevo enfoque promete abrir oportunidades significativas para Venezuela en el \u00e1mbito internacional y contribuir al desarrollo sostenible del pa\u00eds.<\/p>\n\n\n\n<p><strong>Prensa Presidente \/ Fresme Bonilla<\/strong><\/p>\n","protected":false},"excerpt":{"rendered":"<p>Puerto de la Guaira, estado La Guaira.- En el Consejo de Econom\u00eda \u00abCap\u00edtulo Exportaci\u00f3n\u00bb, la vicepresidenta ejecutiva de la Rep\u00fablica, Delcy Rodr\u00edguez, inform\u00f3, como parte de la pol\u00edtica de promoci\u00f3n de la exportaci\u00f3n no petrolera, impulsado \u00aben la V Rep\u00fablica, que se ha alcanzado el 248% m\u00e1s de exportaci\u00f3n, en relaci\u00f3n a la IV Rep\u00fablica\u00bb. [&hellip;]<\/p>\n","protected":false},"author":1,"featured_media":13592,"comment_status":"open","ping_status":"open","sticky":false,"template":"","format":"standard","meta":{"footnotes":""},"categories":[18,7],"tags":[648],"class_list":["post-13591","post","type-post","status-publish","format-standard","has-post-thumbnail","hentry","category-noticias-principales","category-notas-de-prensa","tag-exportaciones"],"_links":{"self":[{"href":"https:\/\/prensapresidencialvenezuela.gob.ve\/index.php\/wp-json\/wp\/v2\/posts\/13591","targetHints":{"allow":["GET"]}}],"collection":[{"href":"https:\/\/prensapresidencialvenezuela.gob.ve\/index.php\/wp-json\/wp\/v2\/posts"}],"about":[{"href":"https:\/\/prensapresidencialvenezuela.gob.ve\/index.php\/wp-json\/wp\/v2\/types\/post"}],"author":[{"embeddable":true,"href":"https:\/\/prensapresidencialvenezuela.gob.ve\/index.php\/wp-json\/wp\/v2\/users\/1"}],"replies":[{"embeddable":true,"href":"https:\/\/prensapresidencialvenezuela.gob.ve\/index.php\/wp-json\/wp\/v2\/comments?post=13591"}],"version-history":[{"count":2,"href":"https:\/\/prensapresidencialvenezuela.gob.ve\/index.php\/wp-json\/wp\/v2\/posts\/13591\/revisions"}],"predecessor-version":[{"id":13594,"href":"https:\/\/prensapresidencialvenezuela.gob.ve\/index.php\/wp-json\/wp\/v2\/posts\/13591\/revisions\/13594"}],"wp:featuredmedia":[{"embeddable":true,"href":"https:\/\/prensapresidencialvenezuela.gob.ve\/index.php\/wp-json\/wp\/v2\/media\/13592"}],"wp:attachment":[{"href":"https:\/\/prensapresidencialvenezuela.gob.ve\/index.php\/wp-json\/wp\/v2\/media?parent=13591"}],"wp:term":[{"taxonomy":"category","embeddable":true,"href":"https:\/\/prensapresidencialvenezuela.gob.ve\/index.php\/wp-json\/wp\/v2\/categories?post=13591"},{"taxonomy":"post_tag","embeddable":true,"href":"https:\/\/prensapresidencialvenezuela.gob.ve\/index.php\/wp-json\/wp\/v2\/tags?post=13591"}],"curies":[{"name":"wp","href":"https:\/\/api.w.org\/{rel}","templated":true}]}}