{"id":13595,"date":"2024-09-19T21:12:01","date_gmt":"2024-09-20T01:12:01","guid":{"rendered":"https:\/\/prensapresidencialvenezuela.gob.ve\/?p=13595"},"modified":"2024-09-19T21:13:31","modified_gmt":"2024-09-20T01:13:31","slug":"esta-patria-no-es-de-cobardes-dijo-el-presidente-nicolas-maduro","status":"publish","type":"post","link":"https:\/\/prensapresidencialvenezuela.gob.ve\/index.php\/2024\/09\/19\/esta-patria-no-es-de-cobardes-dijo-el-presidente-nicolas-maduro\/","title":{"rendered":"Esta Patria no es de cobardes, dijo el presidente Nicol\u00e1s Maduro"},"content":{"rendered":"\n<p><strong>Puerto de la Guaira, estado La Guaira.-<\/strong> El Presidente Constitucional de la Rep\u00fablica Bolivariana de Venezuela, Nicol\u00e1s Maduro, en el marco de la juramentaci\u00f3n del nuevo presidente de Bolipuertos, se\u00f1al\u00f3 contundentemente que Venezuela no es tierra de cobardes.<\/p>\n\n\n\n<p>\u00abVenezuela se ha transformado en fusi\u00f3n profunda C\u00edvico-Militar, para gerenciar los grandes cambios de aqu\u00ed en adelante. Esta Patria no es de cobardes. Bendito el d\u00eda en que nuestro Comandante Ch\u00e1vez ech\u00f3 a andar la Uni\u00f3n C\u00edvico Militar, tengo gran confianza en nuestras Fuerza Armada de Venezuela, que es una cantera del m\u00e1s alto nivel\u00bb.<\/p>\n\n\n\n<p>Afirm\u00f3 sentir pena ajena por Edmundo Gonz\u00e1lez Urrutia, al decir que lo coaccionaron y obligaron a firmar.<\/p>\n\n\n\n<p>\u00abSiento pena ajena por un venezolano que result\u00f3 ser un \u201cpataruco\u201d. Como dicen los profesionales de las leyes, \u201cnadie puede alegar su propia torpeza en defensa propia\u201d. Gonz\u00e1lez Urrutia, nadie puede alegar su propia cobard\u00eda y su propia traici\u00f3n a sus seguidores en defensa propia\u00bb.<\/p>\n\n\n\n<p>\u00ab\u00bfUstedes me han visto a m\u00ed a lo largo de d\u00e9cadas titubear, temblar, acobardarme, justificarme? He dicho al pueblo siempre, m\u00e1xima valent\u00eda, m\u00e1xima uni\u00f3n, nervios de acero, que nosotros vamos a pa\u2019lante y nosotros vamos a salir siempre adelante cuando hemos estado en situaciones dif\u00edciles, es una cuesti\u00f3n de principios y valores\u00bb.<\/p>\n\n\n\n<p>Consider\u00f3 que este nuevo formato Gonz\u00e1lez Urrutia, es Guaid\u00f3 parte dos, pero como tragicomedia, dado que Urrutia le pidi\u00f3 clemencia y ahora no tenga palabra en lo que dijo y firm\u00f3, se\u00f1alando que su torpeza es una cobard\u00eda para tratar de salvarse; pero \u00e9l perdi\u00f3 su palabra y su moral para siempre, por lo que no vale la pena seguir perdiendo el tiempo en este asunto, culmin\u00f3 diciendo Nicol\u00e1s Maduro.<\/p>\n\n\n\n<p><strong>Prensa Presidencial\/Orlando Ruiz<\/strong><\/p>\n","protected":false},"excerpt":{"rendered":"<p>Puerto de la Guaira, estado La Guaira.- El Presidente Constitucional de la Rep\u00fablica Bolivariana de Venezuela, Nicol\u00e1s Maduro, en el marco de la juramentaci\u00f3n del nuevo presidente de Bolipuertos, se\u00f1al\u00f3 contundentemente que Venezuela no es tierra de cobardes. \u00abVenezuela se ha transformado en fusi\u00f3n profunda C\u00edvico-Militar, para gerenciar los grandes cambios de aqu\u00ed en adelante. [&hellip;]<\/p>\n","protected":false},"author":1,"featured_media":13596,"comment_status":"open","ping_status":"open","sticky":false,"template":"","format":"standard","meta":{"footnotes":""},"categories":[18,7],"tags":[874],"class_list":["post-13595","post","type-post","status-publish","format-standard","has-post-thumbnail","hentry","category-noticias-principales","category-notas-de-prensa","tag-voluntad"],"_links":{"self":[{"href":"https:\/\/prensapresidencialvenezuela.gob.ve\/index.php\/wp-json\/wp\/v2\/posts\/13595","targetHints":{"allow":["GET"]}}],"collection":[{"href":"https:\/\/prensapresidencialvenezuela.gob.ve\/index.php\/wp-json\/wp\/v2\/posts"}],"about":[{"href":"https:\/\/prensapresidencialvenezuela.gob.ve\/index.php\/wp-json\/wp\/v2\/types\/post"}],"author":[{"embeddable":true,"href":"https:\/\/prensapresidencialvenezuela.gob.ve\/index.php\/wp-json\/wp\/v2\/users\/1"}],"replies":[{"embeddable":true,"href":"https:\/\/prensapresidencialvenezuela.gob.ve\/index.php\/wp-json\/wp\/v2\/comments?post=13595"}],"version-history":[{"count":1,"href":"https:\/\/prensapresidencialvenezuela.gob.ve\/index.php\/wp-json\/wp\/v2\/posts\/13595\/revisions"}],"predecessor-version":[{"id":13597,"href":"https:\/\/prensapresidencialvenezuela.gob.ve\/index.php\/wp-json\/wp\/v2\/posts\/13595\/revisions\/13597"}],"wp:featuredmedia":[{"embeddable":true,"href":"https:\/\/prensapresidencialvenezuela.gob.ve\/index.php\/wp-json\/wp\/v2\/media\/13596"}],"wp:attachment":[{"href":"https:\/\/prensapresidencialvenezuela.gob.ve\/index.php\/wp-json\/wp\/v2\/media?parent=13595"}],"wp:term":[{"taxonomy":"category","embeddable":true,"href":"https:\/\/prensapresidencialvenezuela.gob.ve\/index.php\/wp-json\/wp\/v2\/categories?post=13595"},{"taxonomy":"post_tag","embeddable":true,"href":"https:\/\/prensapresidencialvenezuela.gob.ve\/index.php\/wp-json\/wp\/v2\/tags?post=13595"}],"curies":[{"name":"wp","href":"https:\/\/api.w.org\/{rel}","templated":true}]}}