{"id":1361,"date":"2022-03-03T16:26:00","date_gmt":"2022-03-03T16:26:00","guid":{"rendered":"http:\/\/172.27.0.121\/?p=1361"},"modified":"2022-06-07T16:30:13","modified_gmt":"2022-06-07T16:30:13","slug":"presidente-llamo-a-promover-la-union-comunera-obrera","status":"publish","type":"post","link":"https:\/\/prensapresidencialvenezuela.gob.ve\/index.php\/2022\/03\/03\/presidente-llamo-a-promover-la-union-comunera-obrera\/","title":{"rendered":"Presidente llam\u00f3 a promover la uni\u00f3n comunera \u2013 obrera"},"content":{"rendered":"\n<p><strong>Poliedro de Caracas. \u2013<\/strong> A promover la uni\u00f3n comunera \u2013 obrera llam\u00f3 el presidente de la Rep\u00fablica Bolivariana de Venezuela, Nicol\u00e1s Maduro, durante el II Congreso de la Clase Obrera.<\/p>\n\n\n\n<p>Desde el Poliedro de Caracas, el Jefe de Estado indic\u00f3 que es fundamental la uni\u00f3n de la clase obrera con las comunas.<\/p>\n\n\n\n<p>En esa l\u00ednea, inst\u00f3 a \u201cunir el socialismo productivo con una poderosa organizaci\u00f3n hac\u00eda adentro, sindical, una poderosa organizaci\u00f3n de los Consejos Productivos de los Trabajadores y Trabajadoras, unir hac\u00eda adentro con el proceso del socialismo territorial de las comunas y de los consejos comunales\u201d.<\/p>\n\n\n\n<p>El presidente Maduro tambi\u00e9n instruy\u00f3 a la clase obrera a apretar la marcha, por ser \u201cuna oportunidad de oro que tiene la clase obrera venezolana de construir el socialismo econ\u00f3mico productivo, desde el puesto de trabajo, desde las f\u00e1bricas, desde el campo, la ciudad, los mares, los r\u00edos\u201d.<\/p>\n\n\n\n<p>Es el \u201cel socialismo econ\u00f3mico productivo, una de las dimensiones del socialismo bolivariano\u201d, expres\u00f3 al aludir los 2 mil 300 Consejos Productivos de los Trabajadores y Trabajadoras de todo el pa\u00eds.<\/p>\n\n\n\n<p>\u201c\u00a1Que vivan los Consejos Productivos de los Trabajadores y Trabajadoras!\u201d, concluy\u00f3.<\/p>\n\n\n\n<p><strong>Prensa Presidencial\/Ana\u00eds P\u00e9re<\/strong>z<\/p>\n","protected":false},"excerpt":{"rendered":"<p>Poliedro de Caracas. \u2013 A promover la uni\u00f3n comunera \u2013 obrera llam\u00f3 el presidente de la Rep\u00fablica Bolivariana de Venezuela, Nicol\u00e1s Maduro, durante el II Congreso de la Clase Obrera. Desde el Poliedro de Caracas, el Jefe de Estado indic\u00f3 que es fundamental la uni\u00f3n de la clase obrera con las comunas. En esa l\u00ednea, [&hellip;]<\/p>\n","protected":false},"author":6,"featured_media":1362,"comment_status":"open","ping_status":"open","sticky":false,"template":"","format":"standard","meta":{"footnotes":""},"categories":[7],"tags":[],"class_list":["post-1361","post","type-post","status-publish","format-standard","has-post-thumbnail","hentry","category-notas-de-prensa"],"_links":{"self":[{"href":"https:\/\/prensapresidencialvenezuela.gob.ve\/index.php\/wp-json\/wp\/v2\/posts\/1361","targetHints":{"allow":["GET"]}}],"collection":[{"href":"https:\/\/prensapresidencialvenezuela.gob.ve\/index.php\/wp-json\/wp\/v2\/posts"}],"about":[{"href":"https:\/\/prensapresidencialvenezuela.gob.ve\/index.php\/wp-json\/wp\/v2\/types\/post"}],"author":[{"embeddable":true,"href":"https:\/\/prensapresidencialvenezuela.gob.ve\/index.php\/wp-json\/wp\/v2\/users\/6"}],"replies":[{"embeddable":true,"href":"https:\/\/prensapresidencialvenezuela.gob.ve\/index.php\/wp-json\/wp\/v2\/comments?post=1361"}],"version-history":[{"count":1,"href":"https:\/\/prensapresidencialvenezuela.gob.ve\/index.php\/wp-json\/wp\/v2\/posts\/1361\/revisions"}],"predecessor-version":[{"id":1363,"href":"https:\/\/prensapresidencialvenezuela.gob.ve\/index.php\/wp-json\/wp\/v2\/posts\/1361\/revisions\/1363"}],"wp:featuredmedia":[{"embeddable":true,"href":"https:\/\/prensapresidencialvenezuela.gob.ve\/index.php\/wp-json\/wp\/v2\/media\/1362"}],"wp:attachment":[{"href":"https:\/\/prensapresidencialvenezuela.gob.ve\/index.php\/wp-json\/wp\/v2\/media?parent=1361"}],"wp:term":[{"taxonomy":"category","embeddable":true,"href":"https:\/\/prensapresidencialvenezuela.gob.ve\/index.php\/wp-json\/wp\/v2\/categories?post=1361"},{"taxonomy":"post_tag","embeddable":true,"href":"https:\/\/prensapresidencialvenezuela.gob.ve\/index.php\/wp-json\/wp\/v2\/tags?post=1361"}],"curies":[{"name":"wp","href":"https:\/\/api.w.org\/{rel}","templated":true}]}}