{"id":13639,"date":"2024-09-23T13:44:02","date_gmt":"2024-09-23T17:44:02","guid":{"rendered":"https:\/\/prensapresidencialvenezuela.gob.ve\/?p=13639"},"modified":"2024-09-23T13:44:03","modified_gmt":"2024-09-23T17:44:03","slug":"presidencialven-en-linea-no-74","status":"publish","type":"post","link":"https:\/\/prensapresidencialvenezuela.gob.ve\/index.php\/2024\/09\/23\/presidencialven-en-linea-no-74\/","title":{"rendered":"PresidencialVen En L\u00ednea | N\u00ba 74"},"content":{"rendered":"\n<figure class=\"wp-block-audio\"><audio controls src=\"https:\/\/prensapresidencialvenezuela.gob.ve\/wp-content\/uploads\/2024\/09\/PRESIDENCIAL-VEN-74.mp3\"><\/audio><\/figure>\n\n\n\n<p>El di\u00e1logo, la voz en defensa de la Diplomacia Bolivariana de Paz, la activaci\u00f3n de proyectos culturales y econ\u00f3micos caracteriz\u00f3 la agenda presidencial del jefe de Estado venezolano, Nicol\u00e1s Maduro Moros, en funci\u00f3n de las transformaciones estrat\u00e9gicas de la Naci\u00f3n venezolana, en Socialismo.<\/p>\n\n\n\n<p><\/p>\n","protected":false},"excerpt":{"rendered":"<p>El di\u00e1logo, la voz en defensa de la Diplomacia Bolivariana de Paz, la activaci\u00f3n de proyectos culturales y econ\u00f3micos caracteriz\u00f3 la agenda presidencial del jefe de Estado venezolano, Nicol\u00e1s Maduro Moros, en funci\u00f3n de las transformaciones estrat\u00e9gicas de la Naci\u00f3n venezolana, en Socialismo.<\/p>\n","protected":false},"author":1,"featured_media":13250,"comment_status":"open","ping_status":"open","sticky":false,"template":"","format":"standard","meta":{"footnotes":""},"categories":[3],"tags":[30,38,21,19,27,20],"class_list":["post-13639","post","type-post","status-publish","format-standard","has-post-thumbnail","hentry","category-contenido-de-audios","tag-destacado","tag-diplomacia-bolivariana-de-paz","tag-economia-venezolana","tag-nicolas-maduro","tag-revolucion-bolivariana","tag-venezuela"],"_links":{"self":[{"href":"https:\/\/prensapresidencialvenezuela.gob.ve\/index.php\/wp-json\/wp\/v2\/posts\/13639","targetHints":{"allow":["GET"]}}],"collection":[{"href":"https:\/\/prensapresidencialvenezuela.gob.ve\/index.php\/wp-json\/wp\/v2\/posts"}],"about":[{"href":"https:\/\/prensapresidencialvenezuela.gob.ve\/index.php\/wp-json\/wp\/v2\/types\/post"}],"author":[{"embeddable":true,"href":"https:\/\/prensapresidencialvenezuela.gob.ve\/index.php\/wp-json\/wp\/v2\/users\/1"}],"replies":[{"embeddable":true,"href":"https:\/\/prensapresidencialvenezuela.gob.ve\/index.php\/wp-json\/wp\/v2\/comments?post=13639"}],"version-history":[{"count":1,"href":"https:\/\/prensapresidencialvenezuela.gob.ve\/index.php\/wp-json\/wp\/v2\/posts\/13639\/revisions"}],"predecessor-version":[{"id":13641,"href":"https:\/\/prensapresidencialvenezuela.gob.ve\/index.php\/wp-json\/wp\/v2\/posts\/13639\/revisions\/13641"}],"wp:featuredmedia":[{"embeddable":true,"href":"https:\/\/prensapresidencialvenezuela.gob.ve\/index.php\/wp-json\/wp\/v2\/media\/13250"}],"wp:attachment":[{"href":"https:\/\/prensapresidencialvenezuela.gob.ve\/index.php\/wp-json\/wp\/v2\/media?parent=13639"}],"wp:term":[{"taxonomy":"category","embeddable":true,"href":"https:\/\/prensapresidencialvenezuela.gob.ve\/index.php\/wp-json\/wp\/v2\/categories?post=13639"},{"taxonomy":"post_tag","embeddable":true,"href":"https:\/\/prensapresidencialvenezuela.gob.ve\/index.php\/wp-json\/wp\/v2\/tags?post=13639"}],"curies":[{"name":"wp","href":"https:\/\/api.w.org\/{rel}","templated":true}]}}