{"id":1364,"date":"2022-03-03T16:30:00","date_gmt":"2022-03-03T16:30:00","guid":{"rendered":"http:\/\/172.27.0.121\/?p=1364"},"modified":"2022-06-07T16:32:22","modified_gmt":"2022-06-07T16:32:22","slug":"en-claves-propuestas-del-ii-congreso-de-la-clase-obrera-jose-chino-khan","status":"publish","type":"post","link":"https:\/\/prensapresidencialvenezuela.gob.ve\/index.php\/2022\/03\/03\/en-claves-propuestas-del-ii-congreso-de-la-clase-obrera-jose-chino-khan\/","title":{"rendered":"En Claves | Propuestas del II Congreso de la Clase Obrera \u201cJos\u00e9 Chino Khan\u201d"},"content":{"rendered":"\n<p><strong>Poliedro de Caracas. \u2013<\/strong> Con la meta de consolidar la Patria para la construcci\u00f3n del socialismo y avanzar hacia en una econom\u00eda productiva, la clase obrera present\u00f3 una serie de propuestas al presidente de la Rep\u00fablica Bolivariana de Venezuela, Nicol\u00e1s Maduro Moros.<\/p>\n\n\n\n<p>El coordinador nacional del II Congreso de la Clase Obrera \u201cJos\u00e9 Chino Khan\u201d, Oswaldo Vera, detall\u00f3 que el objetivo de los planteamientos es \u201calcanzar el Estado obrero, campesino y popular\u201d.<\/p>\n\n\n\n<p>Los puntos expuestos son los siguientes:<\/p>\n\n\n\n<p>\u2022 Avanzar hacia una econom\u00eda productiva y revolucionaria.<br>\u2022 Ajustar el salario m\u00ednimo a medio Petro.<br>\u2022 Salarizar las bonificaciones que recibe la clase trabajadora a trav\u00e9s del Carnet de la Patria.<br>\u2022 Adaptar a la realidad actual las organizaciones sindicales, Consejos Productivos de los Trabajadores y Trabajadoras (CPTT) y otras organizaciones.<br>\u2022 Elaboraci\u00f3n de un plan trienal enfocado en el destino del pa\u00eds para el 2024, donde se buscan propuestas pol\u00edticas y renovaciones de liderazgos en la base de la clase obrera.<br>\u2022 Llevar a cabo un plan de formaci\u00f3n pol\u00edtica, t\u00e9cnica, cultural y comunicacional.<\/p>\n\n\n\n<p>La informaci\u00f3n fue dada a conocer durante la instalaci\u00f3n del II Congreso de la Clase Obrera, actividad liderada por el presidente de la Rep\u00fablica, Nicol\u00e1s Maduro Moros.<\/p>\n\n\n\n<p><strong>Prensa Presidencial\/Eduardo Hueck<\/strong><\/p>\n","protected":false},"excerpt":{"rendered":"<p>Poliedro de Caracas. \u2013 Con la meta de consolidar la Patria para la construcci\u00f3n del socialismo y avanzar hacia en una econom\u00eda productiva, la clase obrera present\u00f3 una serie de propuestas al presidente de la Rep\u00fablica Bolivariana de Venezuela, Nicol\u00e1s Maduro Moros. El coordinador nacional del II Congreso de la Clase Obrera \u201cJos\u00e9 Chino Khan\u201d, [&hellip;]<\/p>\n","protected":false},"author":6,"featured_media":1365,"comment_status":"open","ping_status":"open","sticky":false,"template":"","format":"standard","meta":{"footnotes":""},"categories":[7],"tags":[],"class_list":["post-1364","post","type-post","status-publish","format-standard","has-post-thumbnail","hentry","category-notas-de-prensa"],"_links":{"self":[{"href":"https:\/\/prensapresidencialvenezuela.gob.ve\/index.php\/wp-json\/wp\/v2\/posts\/1364","targetHints":{"allow":["GET"]}}],"collection":[{"href":"https:\/\/prensapresidencialvenezuela.gob.ve\/index.php\/wp-json\/wp\/v2\/posts"}],"about":[{"href":"https:\/\/prensapresidencialvenezuela.gob.ve\/index.php\/wp-json\/wp\/v2\/types\/post"}],"author":[{"embeddable":true,"href":"https:\/\/prensapresidencialvenezuela.gob.ve\/index.php\/wp-json\/wp\/v2\/users\/6"}],"replies":[{"embeddable":true,"href":"https:\/\/prensapresidencialvenezuela.gob.ve\/index.php\/wp-json\/wp\/v2\/comments?post=1364"}],"version-history":[{"count":1,"href":"https:\/\/prensapresidencialvenezuela.gob.ve\/index.php\/wp-json\/wp\/v2\/posts\/1364\/revisions"}],"predecessor-version":[{"id":1366,"href":"https:\/\/prensapresidencialvenezuela.gob.ve\/index.php\/wp-json\/wp\/v2\/posts\/1364\/revisions\/1366"}],"wp:featuredmedia":[{"embeddable":true,"href":"https:\/\/prensapresidencialvenezuela.gob.ve\/index.php\/wp-json\/wp\/v2\/media\/1365"}],"wp:attachment":[{"href":"https:\/\/prensapresidencialvenezuela.gob.ve\/index.php\/wp-json\/wp\/v2\/media?parent=1364"}],"wp:term":[{"taxonomy":"category","embeddable":true,"href":"https:\/\/prensapresidencialvenezuela.gob.ve\/index.php\/wp-json\/wp\/v2\/categories?post=1364"},{"taxonomy":"post_tag","embeddable":true,"href":"https:\/\/prensapresidencialvenezuela.gob.ve\/index.php\/wp-json\/wp\/v2\/tags?post=1364"}],"curies":[{"name":"wp","href":"https:\/\/api.w.org\/{rel}","templated":true}]}}