{"id":13646,"date":"2024-09-23T17:16:49","date_gmt":"2024-09-23T21:16:49","guid":{"rendered":"https:\/\/prensapresidencialvenezuela.gob.ve\/?p=13646"},"modified":"2024-09-23T17:16:50","modified_gmt":"2024-09-23T21:16:50","slug":"presidente-maduro-y-autoridades-de-repsol-se-reunen-para-avanzar-en-nuevos-acuerdos","status":"publish","type":"post","link":"https:\/\/prensapresidencialvenezuela.gob.ve\/index.php\/2024\/09\/23\/presidente-maduro-y-autoridades-de-repsol-se-reunen-para-avanzar-en-nuevos-acuerdos\/","title":{"rendered":"Presidente Maduro y autoridades de Repsol se re\u00fanen para avanzar en nuevos acuerdos"},"content":{"rendered":"\n<p><strong>Palacio de Miraflores, Caracas<\/strong>.- El presidente de la Rep\u00fablica Bolivariana de Venezuela, Nicol\u00e1s Maduro, se reuni\u00f3 la tarde de este lunes con autoridades de la petrolera espa\u00f1ola, Repsol, para avanzar con nuevos acuerdos.<\/p>\n\n\n\n<p>La directiva estuvo encabezada por Jos\u00e9 Carlo De Vicente Bravo, director ejecutivo internacional de Exploraci\u00f3n y Producci\u00f3n Repsol; y Luis Antonio Garc\u00eda S\u00e1nchez, presidente de Repsol Venezuela.<\/p>\n\n\n\n<p>El jefe de Estado venezolano estuvo acompa\u00f1ado por la vicepresidenta ejecutiva y ministra del Poder Popular de Petr\u00f3leo, Delcy Rodr\u00edguez; y H\u00e9ctor Obreg\u00f3n, presidente de Petr\u00f3leos de Venezuela S.A. (PDVSA).<\/p>\n\n\n\n<p>Esta reuni\u00f3n ratifica lo que lo que expres\u00f3, el pasado 14 de septiembre, la ministra Rodr\u00edguez tras conversar con estas autoridades: \u00abLa naci\u00f3n venezolana sigue avanzando en sus planes de cooperaci\u00f3n energ\u00e9tica y en las alianzas con empresas que, como Repsol, conf\u00edan e invierten en la primera reserva petrolera del mundo\u00bb, precis\u00f3.<\/p>\n\n\n\n<p>La petrolera espa\u00f1ola Repsol, definida como una empresa multienerg\u00e9tica comprometida con un mundo sostenible, suma 30 a\u00f1os de operaciones en Venezuela y cuenta con siete complejos industriales en Espa\u00f1a, Portugal y Per\u00fa.<\/p>\n\n\n\n<p><strong>Prensa Presidencia \/ Eduardo Hueck<\/strong><\/p>\n\n\n\n<p><\/p>\n","protected":false},"excerpt":{"rendered":"<p>Palacio de Miraflores, Caracas.- El presidente de la Rep\u00fablica Bolivariana de Venezuela, Nicol\u00e1s Maduro, se reuni\u00f3 la tarde de este lunes con autoridades de la petrolera espa\u00f1ola, Repsol, para avanzar con nuevos acuerdos. La directiva estuvo encabezada por Jos\u00e9 Carlo De Vicente Bravo, director ejecutivo internacional de Exploraci\u00f3n y Producci\u00f3n Repsol; y Luis Antonio Garc\u00eda [&hellip;]<\/p>\n","protected":false},"author":1,"featured_media":13647,"comment_status":"open","ping_status":"open","sticky":false,"template":"","format":"standard","meta":{"footnotes":""},"categories":[18,7],"tags":[881,880,20],"class_list":["post-13646","post","type-post","status-publish","format-standard","has-post-thumbnail","hentry","category-noticias-principales","category-notas-de-prensa","tag-espana","tag-repsol","tag-venezuela"],"_links":{"self":[{"href":"https:\/\/prensapresidencialvenezuela.gob.ve\/index.php\/wp-json\/wp\/v2\/posts\/13646","targetHints":{"allow":["GET"]}}],"collection":[{"href":"https:\/\/prensapresidencialvenezuela.gob.ve\/index.php\/wp-json\/wp\/v2\/posts"}],"about":[{"href":"https:\/\/prensapresidencialvenezuela.gob.ve\/index.php\/wp-json\/wp\/v2\/types\/post"}],"author":[{"embeddable":true,"href":"https:\/\/prensapresidencialvenezuela.gob.ve\/index.php\/wp-json\/wp\/v2\/users\/1"}],"replies":[{"embeddable":true,"href":"https:\/\/prensapresidencialvenezuela.gob.ve\/index.php\/wp-json\/wp\/v2\/comments?post=13646"}],"version-history":[{"count":1,"href":"https:\/\/prensapresidencialvenezuela.gob.ve\/index.php\/wp-json\/wp\/v2\/posts\/13646\/revisions"}],"predecessor-version":[{"id":13648,"href":"https:\/\/prensapresidencialvenezuela.gob.ve\/index.php\/wp-json\/wp\/v2\/posts\/13646\/revisions\/13648"}],"wp:featuredmedia":[{"embeddable":true,"href":"https:\/\/prensapresidencialvenezuela.gob.ve\/index.php\/wp-json\/wp\/v2\/media\/13647"}],"wp:attachment":[{"href":"https:\/\/prensapresidencialvenezuela.gob.ve\/index.php\/wp-json\/wp\/v2\/media?parent=13646"}],"wp:term":[{"taxonomy":"category","embeddable":true,"href":"https:\/\/prensapresidencialvenezuela.gob.ve\/index.php\/wp-json\/wp\/v2\/categories?post=13646"},{"taxonomy":"post_tag","embeddable":true,"href":"https:\/\/prensapresidencialvenezuela.gob.ve\/index.php\/wp-json\/wp\/v2\/tags?post=13646"}],"curies":[{"name":"wp","href":"https:\/\/api.w.org\/{rel}","templated":true}]}}