{"id":13649,"date":"2024-09-23T16:42:00","date_gmt":"2024-09-23T20:42:00","guid":{"rendered":"https:\/\/prensapresidencialvenezuela.gob.ve\/?p=13649"},"modified":"2024-09-23T17:24:52","modified_gmt":"2024-09-23T21:24:52","slug":"presidente-instruye-definir-alcance-e-incorporar-a-la-fuerza-campesina-en-el-proyecto-la-vergarena","status":"publish","type":"post","link":"https:\/\/prensapresidencialvenezuela.gob.ve\/index.php\/2024\/09\/23\/presidente-instruye-definir-alcance-e-incorporar-a-la-fuerza-campesina-en-el-proyecto-la-vergarena\/","title":{"rendered":"Presidente instruye definir alcance e incorporar a la fuerza campesina en el proyecto La Vergare\u00f1a"},"content":{"rendered":"\n<p><strong>Palacio de Miraflores, Caracas.-<\/strong> El presidente de la Rep\u00fablica Bolivariana de Venezuela, Nicol\u00e1s Maduro, lider\u00f3 encuentro con Integrantes del Movimiento de los Trabajadores Rurales Sin Tierra de Brasil, en el que instruy\u00f3 definir alcance e incorporar a la fuerza campesina en el proyecto La Vergare\u00f1a.<\/p>\n\n\n\n<p>La actividad se celebr\u00f3 en el Sal\u00f3n Sol del Per\u00fa del Palacio de Miraflores y particip\u00f3 el responsable del proyecto Plan de Siembra Conuco Integral, Wilmar Castros Soteldo; el ministro del Poder Popular para las Comunas y Agricultura Urbana, \u00c1ngel Padro; el ministro del Poder Popular para la Agricultura Productiva y Tierras, G\/D Menry Fern\u00e1ndez; el Secretario Ejecutivo de la Alianza Bolivariana para los Pueblos de Nuestra Am\u00e9rica &#8211; Tratado de Comercio de los Pueblos (ALBA-TCP) y Vicepresidente de Comunas y Movimientos Sociales del PSUV, Jorge Arreaza.<\/p>\n\n\n\n<p>Tambi\u00e9n se dieron cita Simone Magalhaes, Coordinadora de la Brigada Internacionalista; Apolonia de Carvalho, del Movimiento de los Trabajadores Rurales Sin Tierras (MST) de la Rep\u00fablica Federativa de Brasil; Joao Pedro Agustini Stedile, fundador de la Direcci\u00f3n Nacional del Movimiento de los Trabajadores Rurales Sin Tierra (MST); Dar\u00edo Milanez de Mello, militante del Movimiento de los Trabajadores Rurales Sin Tierras (MST) y responsable del Sector de Producci\u00f3n Animal de la Rep\u00fablica Federativa de Brasil; as\u00ed como Denir de Oliveira Sosa, responsable de Comercializaci\u00f3n y Proyectos de las Brigadas Internacionalistas.<\/p>\n\n\n\n<p>El presidente Maduro enfatiz\u00f3 la importancia de la solidaridad entre los pueblos latinoamericanos en la b\u00fasqueda de un futuro m\u00e1s justo y equitativo. Se refiri\u00f3 a la&nbsp; La transici\u00f3n hacia un nuevo modelo en Venezuela, especialmente con el plan de las 7T, como parte de una esfuerzo significativo para renovar y transformar la realidad del pa\u00eds.<\/p>\n\n\n\n<p>Indic\u00f3 que la participaci\u00f3n del pueblo en este proceso es clave y \u201cme parece admirable que se est\u00e9n llevando a cabo tantas asambleas para escuchar sus voces. La producci\u00f3n de alimentos es un aspecto crucial, y es impresionante ver c\u00f3mo han logrado alcanzar el 100% de abastecimiento nacional en medio de tantas adversidades; eso muestra una gran resiliencia y capacidad de adaptaci\u00f3n\u201d.<\/p>\n\n\n\n<p>Se\u00f1al\u00f3 que la reingenier\u00eda de la Gran Misi\u00f3n Agro-Venezuela tambi\u00e9n refleja un enfoque innovador para enfrentar los desaf\u00edos actuales. \u201cEs realmente inspirador ver c\u00f3mo se busca construir un futuro diferente, basado en la participaci\u00f3n popular y en la producci\u00f3n local\u201d.<\/p>\n\n\n\n<p>Prensa Presidencial \/ Fresme Bonilla<\/p>\n","protected":false},"excerpt":{"rendered":"<p>Palacio de Miraflores, Caracas.- El presidente de la Rep\u00fablica Bolivariana de Venezuela, Nicol\u00e1s Maduro, lider\u00f3 encuentro con Integrantes del Movimiento de los Trabajadores Rurales Sin Tierra de Brasil, en el que instruy\u00f3 definir alcance e incorporar a la fuerza campesina en el proyecto La Vergare\u00f1a. La actividad se celebr\u00f3 en el Sal\u00f3n Sol del Per\u00fa [&hellip;]<\/p>\n","protected":false},"author":1,"featured_media":13650,"comment_status":"open","ping_status":"open","sticky":false,"template":"","format":"standard","meta":{"footnotes":""},"categories":[18,7],"tags":[601,882],"class_list":["post-13649","post","type-post","status-publish","format-standard","has-post-thumbnail","hentry","category-noticias-principales","category-notas-de-prensa","tag-campo","tag-tierras"],"_links":{"self":[{"href":"https:\/\/prensapresidencialvenezuela.gob.ve\/index.php\/wp-json\/wp\/v2\/posts\/13649","targetHints":{"allow":["GET"]}}],"collection":[{"href":"https:\/\/prensapresidencialvenezuela.gob.ve\/index.php\/wp-json\/wp\/v2\/posts"}],"about":[{"href":"https:\/\/prensapresidencialvenezuela.gob.ve\/index.php\/wp-json\/wp\/v2\/types\/post"}],"author":[{"embeddable":true,"href":"https:\/\/prensapresidencialvenezuela.gob.ve\/index.php\/wp-json\/wp\/v2\/users\/1"}],"replies":[{"embeddable":true,"href":"https:\/\/prensapresidencialvenezuela.gob.ve\/index.php\/wp-json\/wp\/v2\/comments?post=13649"}],"version-history":[{"count":1,"href":"https:\/\/prensapresidencialvenezuela.gob.ve\/index.php\/wp-json\/wp\/v2\/posts\/13649\/revisions"}],"predecessor-version":[{"id":13651,"href":"https:\/\/prensapresidencialvenezuela.gob.ve\/index.php\/wp-json\/wp\/v2\/posts\/13649\/revisions\/13651"}],"wp:featuredmedia":[{"embeddable":true,"href":"https:\/\/prensapresidencialvenezuela.gob.ve\/index.php\/wp-json\/wp\/v2\/media\/13650"}],"wp:attachment":[{"href":"https:\/\/prensapresidencialvenezuela.gob.ve\/index.php\/wp-json\/wp\/v2\/media?parent=13649"}],"wp:term":[{"taxonomy":"category","embeddable":true,"href":"https:\/\/prensapresidencialvenezuela.gob.ve\/index.php\/wp-json\/wp\/v2\/categories?post=13649"},{"taxonomy":"post_tag","embeddable":true,"href":"https:\/\/prensapresidencialvenezuela.gob.ve\/index.php\/wp-json\/wp\/v2\/tags?post=13649"}],"curies":[{"name":"wp","href":"https:\/\/api.w.org\/{rel}","templated":true}]}}