{"id":13655,"date":"2024-09-23T22:02:59","date_gmt":"2024-09-24T02:02:59","guid":{"rendered":"https:\/\/prensapresidencialvenezuela.gob.ve\/?p=13655"},"modified":"2024-09-23T22:03:00","modified_gmt":"2024-09-24T02:03:00","slug":"la-industria-farmaceutica-es-un-motor-priorizado-dijo-el-presidente-maduro","status":"publish","type":"post","link":"https:\/\/prensapresidencialvenezuela.gob.ve\/index.php\/2024\/09\/23\/la-industria-farmaceutica-es-un-motor-priorizado-dijo-el-presidente-maduro\/","title":{"rendered":"\u00abLa industria farmac\u00e9utica es un motor priorizado\u00bb, dijo el presidente Maduro"},"content":{"rendered":"\n<p><strong>Palacio de Miraflores, Caraca.- <\/strong>\u00abLa industria farmac\u00e9utica venezolana es uno de nuestros motores prioritarios\u00bb, dijo el presidente Nicol\u00e1s Maduro Moros, aclarando que la industria farmac\u00e9utica del pa\u00eds ha reaccionado positivamente.<\/p>\n\n\n\n<p>\u00abNuestra industria farmac\u00e9utica ha reaccionado muy bien, es una gran noticia que en este momento est\u00e1 abasteciendo con calidad m\u00e1xima y calidad mundial, el 70 por ciento de las medicinas del mercado nacional, complementado con el 30 por ciento de las importaciones. Hoy afortunadamente las personas pueden salir a cualquier pueblo o ciudad del pa\u00eds y podr\u00e1n ver que pasamos de una situaci\u00f3n catastr\u00f3fica a un abastecimiento pleno, para que el pueblo tenga acceso a sus medicinas\u00bb.<\/p>\n\n\n\n<p>Afirm\u00f3 el Mandatario Nacional que Venezuela ha logrado una instalaci\u00f3n tecnol\u00f3gica de avanzada en estos \u00faltimos a\u00f1os, a pesar de las criminales sanciones por parte de los Estados Unidos.<\/p>\n\n\n\n<p>\u00abEntre los a\u00f1os 2006 al 2014 hubo bastante inversi\u00f3n y se movieron cr\u00e9ditos importantes y la industria farmac\u00e9utica venezolana se posicion\u00f3 con gran capacidad de producci\u00f3n, con diversos medicamentos, pero eso se vino a nada con la guerra econ\u00f3mica y las sanciones, pero hoy es un motor priorizado, con crecimiento y mucho futuro\u00bb.<\/p>\n\n\n\n<p>El jefe de Estado record\u00f3 el doloroso desabastecimiento del sistema farmac\u00e9utico nacional por culpa de la guerra econ\u00f3mica, que, cuando lleg\u00f3 la pandemia, impidi\u00f3 que nos vendieran insumos y medicamentos.<\/p>\n\n\n\n<p>\u00abFue una persecuci\u00f3n espantosa para nosotros atender nuestros enfermos de diabetes, di\u00e1lisis, o las enfermedades cr\u00f3nicas y catastr\u00f3ficas, pero garantizamos, con la participaci\u00f3n de los empresarios privados de Venezuela y de otros lugares del mundo, los principios activos y la materia prima y las medicinas, y mantuvimos nuestro crecimiento potenciando la industria como lo ha sido en este a\u00f1o 2024\u00bb, concluy\u00f3 diciendo sobre el tema el Mandatario.<\/p>\n\n\n\n<p><strong>Prensa Presidencia \/ Orlando Ruiz<\/strong><\/p>\n","protected":false},"excerpt":{"rendered":"<p>Palacio de Miraflores, Caraca.- \u00abLa industria farmac\u00e9utica venezolana es uno de nuestros motores prioritarios\u00bb, dijo el presidente Nicol\u00e1s Maduro Moros, aclarando que la industria farmac\u00e9utica del pa\u00eds ha reaccionado positivamente. \u00abNuestra industria farmac\u00e9utica ha reaccionado muy bien, es una gran noticia que en este momento est\u00e1 abasteciendo con calidad m\u00e1xima y calidad mundial, el 70 [&hellip;]<\/p>\n","protected":false},"author":1,"featured_media":13656,"comment_status":"open","ping_status":"open","sticky":false,"template":"","format":"standard","meta":{"footnotes":""},"categories":[18,7],"tags":[884,883],"class_list":["post-13655","post","type-post","status-publish","format-standard","has-post-thumbnail","hentry","category-noticias-principales","category-notas-de-prensa","tag-farmacia","tag-industria"],"_links":{"self":[{"href":"https:\/\/prensapresidencialvenezuela.gob.ve\/index.php\/wp-json\/wp\/v2\/posts\/13655","targetHints":{"allow":["GET"]}}],"collection":[{"href":"https:\/\/prensapresidencialvenezuela.gob.ve\/index.php\/wp-json\/wp\/v2\/posts"}],"about":[{"href":"https:\/\/prensapresidencialvenezuela.gob.ve\/index.php\/wp-json\/wp\/v2\/types\/post"}],"author":[{"embeddable":true,"href":"https:\/\/prensapresidencialvenezuela.gob.ve\/index.php\/wp-json\/wp\/v2\/users\/1"}],"replies":[{"embeddable":true,"href":"https:\/\/prensapresidencialvenezuela.gob.ve\/index.php\/wp-json\/wp\/v2\/comments?post=13655"}],"version-history":[{"count":1,"href":"https:\/\/prensapresidencialvenezuela.gob.ve\/index.php\/wp-json\/wp\/v2\/posts\/13655\/revisions"}],"predecessor-version":[{"id":13657,"href":"https:\/\/prensapresidencialvenezuela.gob.ve\/index.php\/wp-json\/wp\/v2\/posts\/13655\/revisions\/13657"}],"wp:featuredmedia":[{"embeddable":true,"href":"https:\/\/prensapresidencialvenezuela.gob.ve\/index.php\/wp-json\/wp\/v2\/media\/13656"}],"wp:attachment":[{"href":"https:\/\/prensapresidencialvenezuela.gob.ve\/index.php\/wp-json\/wp\/v2\/media?parent=13655"}],"wp:term":[{"taxonomy":"category","embeddable":true,"href":"https:\/\/prensapresidencialvenezuela.gob.ve\/index.php\/wp-json\/wp\/v2\/categories?post=13655"},{"taxonomy":"post_tag","embeddable":true,"href":"https:\/\/prensapresidencialvenezuela.gob.ve\/index.php\/wp-json\/wp\/v2\/tags?post=13655"}],"curies":[{"name":"wp","href":"https:\/\/api.w.org\/{rel}","templated":true}]}}