{"id":13667,"date":"2024-09-23T23:05:48","date_gmt":"2024-09-24T03:05:48","guid":{"rendered":"https:\/\/prensapresidencialvenezuela.gob.ve\/?p=13667"},"modified":"2024-09-24T00:21:07","modified_gmt":"2024-09-24T04:21:07","slug":"presidente-maduro-destaca-avances-festival-de-la-gran-mision-viva-venezuela-mi-patria-querida","status":"publish","type":"post","link":"https:\/\/prensapresidencialvenezuela.gob.ve\/index.php\/2024\/09\/23\/presidente-maduro-destaca-avances-festival-de-la-gran-mision-viva-venezuela-mi-patria-querida\/","title":{"rendered":"Presidente Maduro destaca avances del Festival de la Gran Misi\u00f3n Viva Venezuela, Mi Patria Querida"},"content":{"rendered":"\n<p><strong>Teresa Carre\u00f1o.-<\/strong> El presidente de la Rep\u00fablica Bolivariana de Venezuela, Nicol\u00e1s Maduro, durante el programa <em>Con Maduro +<\/em> N\u00b0 58, en su secci\u00f3n \u00abM\u00e1s Cultura\u00bb, con el ministro del Poder Popular para la Cultura, quien lidera la Gran Misi\u00f3n Viva Venezuela, Mi Patria Querida.<\/p>\n\n\n\n<p>Mandatario Nacional reflexion\u00f3 que la Gran Misi\u00f3n de Nueva Generaci\u00f3n, \u00abViva Venezuela mi Patria Querida\u00bb, viene a colocar nuestra cultura, con sus tradiciones caracter\u00edsticas, y que nuestra identidad mande y reine, que ocupen los espacios, aquellos que tiene que ocupar en toda la poblaci\u00f3n, porque la cultura y las tradiciones nos pertenecen a todas y todas.<\/p>\n\n\n\n<p>El ministro Villegas describi\u00f3 el 4to. Festival de la Gran Misi\u00f3n \u00abViva Venezuela mi Patria Querida\u00bb: \u00abInici\u00f3 por todo lo alto, con un matiz gigantesco, rica y diversa, una jornada en los estados: Sucre, Nueva Esparta, Anzo\u00e1tegui y Monagas (\u2026). Hemos comenzado a cumplir con las instrucciones, fuimos al cuartel San Carlos, como la nueva sede la Gran Misi\u00f3n Viva Venezuela Mi Patria Querida; comenzar\u00e1n a desarrollarse unas din\u00e1micas culturales excepcionales\u00bb.<\/p>\n\n\n\n<p>El dignatario recalc\u00f3: \u00abCada expresi\u00f3n art\u00edstica tiene una historia, nuestra historia es la de la diversidad de la cultura, de las luchas sociales, pol\u00edticas, de nuestras ra\u00edces, somos indios, somos parte de \u00c1frica y Europa, es un mestizaje, es la suma en medio de contradicciones de los modelos coloniales, nuestros abuelos ind\u00edgenas dejaron la fuerza y suavidad de sus cantos, poes\u00eda y la cosmovisi\u00f3n; vinieron bailes y la danza de los santos.<\/p>\n\n\n\n<p>Tambi\u00e9n destac\u00f3, una expresi\u00f3n hermosa del pueblo (\u2026) que mejor expresa su cultura, es la rebeld\u00eda frente a quienes nos quieran dominar, son mil formas que se expresan en la manera de cantar, baile, la letra, el teatro.<\/p>\n\n\n\n<p>Asimismo, enfatiz\u00f3: \u00abEstamos en una tremenda lucha por existir, en un mundo que se quiere imponer desde el neofascismo, el capitalismo, se quiere imponer la dominaci\u00f3n global (\u2026). Hay una verdadera batalla cultural, a las redes sociales que poco aprecian las expresiones aut\u00e9nticas de los pueblos, que quieren el pensamiento \u00fanico, la cultura \u00fanica, la est\u00e9tica, quieren uniformarnos y borrar nuestra memoria para que solo tengamos las emociones que nos impregnan por los medios electr\u00f3nicos\u00bb.<\/p>\n\n\n\n<p>La mayor vacuna frente a los virus de la decadente cultura occidental, de los antivalores, que quieren normalizar e imponer los valores de la guerra, del que abusa de su poder y masacra, de genocidio, del asesinato, de la codicia, del individualismo del ego, que quieren destruir la familia como n\u00facleo.<\/p>\n\n\n\n<p>Por otra parte, la Jefa de gabinete de cultura del estado Sucre, Omaira Guti\u00e9rrez, comenta sobre la diversidad en la cultura local, a prop\u00f3sito del cuarto festival en la regi\u00f3n oriental de la Gran Misi\u00f3n Viva Venezuela Mi Patria querida, en la entidad.<\/p>\n\n\n\n<p>La m\u00fasica es la forma m\u00e1s bonita de construir las victorias y la forma m\u00e1s bonita de celebrarlas, es recordando a Sucre y Bol\u00edvar. El General Sim\u00f3n Bol\u00edvar dec\u00eda que cada victoria hab\u00eda que bailarla y celebrarla, subray\u00f3 el presidente Maduro.<\/p>\n\n\n\n<p><strong>Prensa Presidencial \/ Geraldine Quintero<\/strong><\/p>\n","protected":false},"excerpt":{"rendered":"<p>Teresa Carre\u00f1o.- El presidente de la Rep\u00fablica Bolivariana de Venezuela, Nicol\u00e1s Maduro, durante el programa Con Maduro + N\u00b0 58, en su secci\u00f3n \u00abM\u00e1s Cultura\u00bb, con el ministro del Poder Popular para la Cultura, quien lidera la Gran Misi\u00f3n Viva Venezuela, Mi Patria Querida. Mandatario Nacional reflexion\u00f3 que la Gran Misi\u00f3n de Nueva Generaci\u00f3n, \u00abViva [&hellip;]<\/p>\n","protected":false},"author":1,"featured_media":13668,"comment_status":"open","ping_status":"open","sticky":false,"template":"","format":"standard","meta":{"footnotes":""},"categories":[18,7],"tags":[460],"class_list":["post-13667","post","type-post","status-publish","format-standard","has-post-thumbnail","hentry","category-noticias-principales","category-notas-de-prensa","tag-cultura"],"_links":{"self":[{"href":"https:\/\/prensapresidencialvenezuela.gob.ve\/index.php\/wp-json\/wp\/v2\/posts\/13667","targetHints":{"allow":["GET"]}}],"collection":[{"href":"https:\/\/prensapresidencialvenezuela.gob.ve\/index.php\/wp-json\/wp\/v2\/posts"}],"about":[{"href":"https:\/\/prensapresidencialvenezuela.gob.ve\/index.php\/wp-json\/wp\/v2\/types\/post"}],"author":[{"embeddable":true,"href":"https:\/\/prensapresidencialvenezuela.gob.ve\/index.php\/wp-json\/wp\/v2\/users\/1"}],"replies":[{"embeddable":true,"href":"https:\/\/prensapresidencialvenezuela.gob.ve\/index.php\/wp-json\/wp\/v2\/comments?post=13667"}],"version-history":[{"count":2,"href":"https:\/\/prensapresidencialvenezuela.gob.ve\/index.php\/wp-json\/wp\/v2\/posts\/13667\/revisions"}],"predecessor-version":[{"id":13670,"href":"https:\/\/prensapresidencialvenezuela.gob.ve\/index.php\/wp-json\/wp\/v2\/posts\/13667\/revisions\/13670"}],"wp:featuredmedia":[{"embeddable":true,"href":"https:\/\/prensapresidencialvenezuela.gob.ve\/index.php\/wp-json\/wp\/v2\/media\/13668"}],"wp:attachment":[{"href":"https:\/\/prensapresidencialvenezuela.gob.ve\/index.php\/wp-json\/wp\/v2\/media?parent=13667"}],"wp:term":[{"taxonomy":"category","embeddable":true,"href":"https:\/\/prensapresidencialvenezuela.gob.ve\/index.php\/wp-json\/wp\/v2\/categories?post=13667"},{"taxonomy":"post_tag","embeddable":true,"href":"https:\/\/prensapresidencialvenezuela.gob.ve\/index.php\/wp-json\/wp\/v2\/tags?post=13667"}],"curies":[{"name":"wp","href":"https:\/\/api.w.org\/{rel}","templated":true}]}}