{"id":13685,"date":"2024-09-25T19:30:00","date_gmt":"2024-09-25T23:30:00","guid":{"rendered":"https:\/\/prensapresidencialvenezuela.gob.ve\/?p=13685"},"modified":"2024-09-26T16:20:25","modified_gmt":"2024-09-26T20:20:25","slug":"presidente-nicolas-maduro-turkiye-y-venezuela-avanzan-en-relaciones-comerciales-ganar-ganar","status":"publish","type":"post","link":"https:\/\/prensapresidencialvenezuela.gob.ve\/index.php\/2024\/09\/25\/presidente-nicolas-maduro-turkiye-y-venezuela-avanzan-en-relaciones-comerciales-ganar-ganar\/","title":{"rendered":"Presidente Nicol\u00e1s Maduro: T\u00fcrkiye y Venezuela avanzan en relaciones comerciales ganar-ganar"},"content":{"rendered":"\n<p><strong>La Carlota.-<\/strong>El presidente de la Rep\u00fablica Bolivariana de Venezuela, Nicol\u00e1s Maduro, desde el parque Sim\u00f3n Bol\u00edvar, calific\u00f3 la II Feria de Alto Nivel T\u00fcrkiye-Caracas 2024 como maravillosa, la cual representa una oportunidad para posicionar los productos turcos en el mercado venezolano, en aras de fortalecer el intercambio de cooperaci\u00f3n internacional.<\/p>\n\n\n\n<p>El Mandatario Nacional indic\u00f3 que mantuvo conversaciones con el presidente de la Rep\u00fablica de T\u00fcrkiye, Recep Tayyip Erdo\u011fan, que \u00absiempre est\u00e1 pendiente y apoyando a Venezuela. Pendiente de los logros econ\u00f3micos de ambas naciones (\u2026). Insisti\u00f3 en la necesidad de incrementar el comercio equilibrado entre los dos pa\u00edses. Estamos aspirando superar los 800 millones de d\u00f3lares americanos (\u2026). Hoy por hoy podemos decir mitad importaci\u00f3n, mitad exportaci\u00f3n, y as\u00ed es que se deben desarrollar las relaciones econ\u00f3micas entre los pa\u00edses\u00bb.<\/p>\n\n\n\n<p>\u00abEstamos en el siglo XXI, siendo T\u00fcrkiye un pa\u00eds euroasi\u00e1tico (&#8230;), siendo Venezuela, teniendo una posici\u00f3n privilegiada, desde el punto de vista territorial, geogr\u00e1fico, geopol\u00edtico, geoecon\u00f3mico, y todas las riquezas que tiene nuestro pa\u00eds; los dos pa\u00edses somos dos pa\u00edses emergentes en el siglo XXI. T\u00fcrkiye despunta como una de las nuevas potencias emergentes del siglo XXI, con el favor de Dios, T\u00fcrkiye, como ha dicho nuestro presidente hermano Erdo\u011fan, terminar\u00e1 incorpor\u00e1ndose a los BRICS, que es la alternativa mundial para el desarrollo pac\u00edfico de los pueblos del siglo XXI\u00bb, agreg\u00f3 el presidente Maduro.<\/p>\n\n\n\n<p><strong>Sobre las relaciones de cooperaci\u00f3n bilateral T\u00fcrkiye-Venezuela<\/strong><\/p>\n\n\n\n<p>El Dignatario sostuvo que la Venezuela tambi\u00e9n \u00abavanza como uno de los pa\u00edses potencia desde el punto de vista econ\u00f3mico, pol\u00edtico cultural en Suram\u00e9rica, Am\u00e9rica Latina\u00bb, indicando que la relaci\u00f3n T\u00fcrkiye-Venezuela \u00abtiene que ser un modelo de relaci\u00f3n integral, pol\u00edtica, diplom\u00e1tica, cultural, ser una relaci\u00f3n emblem\u00e1tica, ejemplar, que tiene que hacer inversiones, intercambio comercial, desarrollo econ\u00f3mico conjunto y garant\u00edas econ\u00f3micas plenas\u00bb.<\/p>\n\n\n\n<p>Por su parte, el Embajador Extraordinario y Plenipotenciario de la Rep\u00fablica de T\u00fcrkiye, Aydan Karamano\u011flu, expres\u00f3 su agradecimiento por las relaciones bilaterales entre ambos pa\u00edses,  tras la inauguraci\u00f3n  del jefe de Estado, Nicol\u00e1s Maduro, de la Expoferia, la cual durar\u00e1 3 d\u00edas, con m\u00e1s de 40 empresas, siendo el s\u00edmbolo de las excelentes relaciones econ\u00f3micas existentes.<\/p>\n\n\n\n<p>\u00abBajo su liderazgo-presidente Maduro- y del presidente Erdo\u011fan, nuestras relaciones se han incrementado en los \u00faltimos a\u00f1os, Venezuela se ha convertido en uno de los socios econ\u00f3micos m\u00e1s importantes en Am\u00e9rica Latina, es el pa\u00eds de Latinoam\u00e9rica que m\u00e1s potencial tiene, con el que podemos incrementar nuestras relaciones econ\u00f3micas y comerciales\u00bb, agreg\u00f3 el representante diplom\u00e1tico.<\/p>\n\n\n\n<p>Asimismo, destac\u00f3 en nombre del presidente y el Gobierno de la Rep\u00fablica de T\u00fcrkiye, los empresarios turcos, expresan su rechazo en todas sus plataformas comunicacionales a la intervenci\u00f3n extranjera de la cual ha sido objeto Venezuela, adem\u00e1s de las medidas coercitivas unilaterales en contra del pueblo venezolano. <\/p>\n\n\n\n<p>Por \u00faltimo, aleg\u00f3: \u00abpuede estar seguro que desde T\u00fcrkiye Venezuela no est\u00e1 sola, seguiremos apoy\u00e1ndoles, apostamos por el futuro de Venezuela y que tenemos confianza en su futuro\u00bb.<\/p>\n\n\n\n<p>En esta sentido el presidente Maduro manifest\u00f3 su agradecimiento por la solidaridad del pueblo turco hacia el pueblo venezolano y que ha constatado el amor sincero mutuo.<\/p>\n\n\n\n<p><strong>Prensa presidencial \/ Geraldine Quintero<\/strong><\/p>\n","protected":false},"excerpt":{"rendered":"<p>La Carlota.-El presidente de la Rep\u00fablica Bolivariana de Venezuela, Nicol\u00e1s Maduro, desde el parque Sim\u00f3n Bol\u00edvar, calific\u00f3 la II Feria de Alto Nivel T\u00fcrkiye-Caracas 2024 como maravillosa, la cual representa una oportunidad para posicionar los productos turcos en el mercado venezolano, en aras de fortalecer el intercambio de cooperaci\u00f3n internacional. El Mandatario Nacional indic\u00f3 que [&hellip;]<\/p>\n","protected":false},"author":1,"featured_media":13686,"comment_status":"open","ping_status":"open","sticky":false,"template":"","format":"standard","meta":{"footnotes":""},"categories":[18,7],"tags":[40,30,38,21,19,27,20],"class_list":["post-13685","post","type-post","status-publish","format-standard","has-post-thumbnail","hentry","category-noticias-principales","category-notas-de-prensa","tag-colombia","tag-destacado","tag-diplomacia-bolivariana-de-paz","tag-economia-venezolana","tag-nicolas-maduro","tag-revolucion-bolivariana","tag-venezuela"],"_links":{"self":[{"href":"https:\/\/prensapresidencialvenezuela.gob.ve\/index.php\/wp-json\/wp\/v2\/posts\/13685","targetHints":{"allow":["GET"]}}],"collection":[{"href":"https:\/\/prensapresidencialvenezuela.gob.ve\/index.php\/wp-json\/wp\/v2\/posts"}],"about":[{"href":"https:\/\/prensapresidencialvenezuela.gob.ve\/index.php\/wp-json\/wp\/v2\/types\/post"}],"author":[{"embeddable":true,"href":"https:\/\/prensapresidencialvenezuela.gob.ve\/index.php\/wp-json\/wp\/v2\/users\/1"}],"replies":[{"embeddable":true,"href":"https:\/\/prensapresidencialvenezuela.gob.ve\/index.php\/wp-json\/wp\/v2\/comments?post=13685"}],"version-history":[{"count":2,"href":"https:\/\/prensapresidencialvenezuela.gob.ve\/index.php\/wp-json\/wp\/v2\/posts\/13685\/revisions"}],"predecessor-version":[{"id":13688,"href":"https:\/\/prensapresidencialvenezuela.gob.ve\/index.php\/wp-json\/wp\/v2\/posts\/13685\/revisions\/13688"}],"wp:featuredmedia":[{"embeddable":true,"href":"https:\/\/prensapresidencialvenezuela.gob.ve\/index.php\/wp-json\/wp\/v2\/media\/13686"}],"wp:attachment":[{"href":"https:\/\/prensapresidencialvenezuela.gob.ve\/index.php\/wp-json\/wp\/v2\/media?parent=13685"}],"wp:term":[{"taxonomy":"category","embeddable":true,"href":"https:\/\/prensapresidencialvenezuela.gob.ve\/index.php\/wp-json\/wp\/v2\/categories?post=13685"},{"taxonomy":"post_tag","embeddable":true,"href":"https:\/\/prensapresidencialvenezuela.gob.ve\/index.php\/wp-json\/wp\/v2\/tags?post=13685"}],"curies":[{"name":"wp","href":"https:\/\/api.w.org\/{rel}","templated":true}]}}