{"id":13689,"date":"2024-09-25T19:40:00","date_gmt":"2024-09-25T23:40:00","guid":{"rendered":"https:\/\/prensapresidencialvenezuela.gob.ve\/?p=13689"},"modified":"2024-09-26T13:35:53","modified_gmt":"2024-09-26T17:35:53","slug":"venezuela-alza-la-voz-contra-la-guerra-el-exterminio-y-genocidio","status":"publish","type":"post","link":"https:\/\/prensapresidencialvenezuela.gob.ve\/index.php\/2024\/09\/25\/venezuela-alza-la-voz-contra-la-guerra-el-exterminio-y-genocidio\/","title":{"rendered":"Venezuela alza la voz contra la guerra, el exterminio y genocidio"},"content":{"rendered":"\n<p><strong>La Carlota, estado Miranda.- <\/strong>Desde La Base A\u00e9rea General\u00edsimo Francisco de Miranda, en los espacios habilitados para la II<sup> <\/sup>\u00a0Expoferia T\u00fcrkiye Caracas 2024, el presidente de la Rep\u00fablica Bolivariana de Venezuela, Nicol\u00e1s Maduro Moros, rechaz\u00f3 de manera contundente los actos terroristas cometidos por el Estado de Israel contra Palestina y recientemente los ataques al suroeste del L\u00edbano.<\/p>\n\n\n\n<p>El jefe de Estado venezolano subray\u00f3 que \u00abpor eso alzamos nuestra voz contra la guerra, contra el exterminio, contra el genocidio del pueblo palestino en Gaza. Por eso alzamos nuestra voz contra la guerra de exterminio contra el pueblo del L\u00edbano\u00bb.<\/p>\n\n\n\n<p>Al referirse,  al acto de genocidio que ejecut\u00f3 Israel contra Palestina y luego contra el L\u00edbano, donde perdieron la vida hombres y mujeres, ni\u00f1os y ni\u00f1as, en que se contabilizaron miles de heridos en el ataque m\u00e1s reciente, el presidente Nicol\u00e1s Maduro ha manifestado su preocupaci\u00f3n por esta situaci\u00f3n que afecta a civiles inocentes de estos pueblos.<\/p>\n\n\n\n<p>Maduro exhort\u00f3 a los pueblos del mundo a despertar en contra de estas acciones que pretenden acabar con pa\u00edses que est\u00e1n construyendo su propio destino.<\/p>\n\n\n\n<p>\u00abNo puede catalogarse de otra manera sino de genocidio\u00bb, ha dicho, al se\u00f1alar que primero fue Palestina y Gaza, y ahora es L\u00edbano: \u00ab\u00bfQu\u00e9 se puede decir de un bombardeo con aviones de alta precisi\u00f3n a edificios de habitaci\u00f3n, donde viven familias y son arrasadas ni\u00f1as, ni\u00f1os, ancianos? \u00bfC\u00f3mo se llama eso? Derechos Humanos, derecho internacional. \u00bfC\u00f3mo se llama?\u00bb, argument\u00f3.<\/p>\n\n\n\n<p><strong>Prensa Presidencial \/ Atahualpa Calder\u00f3n<\/strong><\/p>\n","protected":false},"excerpt":{"rendered":"<p>La Carlota, estado Miranda.- Desde La Base A\u00e9rea General\u00edsimo Francisco de Miranda, en los espacios habilitados para la II \u00a0Expoferia T\u00fcrkiye Caracas 2024, el presidente de la Rep\u00fablica Bolivariana de Venezuela, Nicol\u00e1s Maduro Moros, rechaz\u00f3 de manera contundente los actos terroristas cometidos por el Estado de Israel contra Palestina y recientemente los ataques al suroeste [&hellip;]<\/p>\n","protected":false},"author":1,"featured_media":13690,"comment_status":"open","ping_status":"open","sticky":false,"template":"","format":"standard","meta":{"footnotes":""},"categories":[18,7],"tags":[30,38,19,27,20],"class_list":["post-13689","post","type-post","status-publish","format-standard","has-post-thumbnail","hentry","category-noticias-principales","category-notas-de-prensa","tag-destacado","tag-diplomacia-bolivariana-de-paz","tag-nicolas-maduro","tag-revolucion-bolivariana","tag-venezuela"],"_links":{"self":[{"href":"https:\/\/prensapresidencialvenezuela.gob.ve\/index.php\/wp-json\/wp\/v2\/posts\/13689","targetHints":{"allow":["GET"]}}],"collection":[{"href":"https:\/\/prensapresidencialvenezuela.gob.ve\/index.php\/wp-json\/wp\/v2\/posts"}],"about":[{"href":"https:\/\/prensapresidencialvenezuela.gob.ve\/index.php\/wp-json\/wp\/v2\/types\/post"}],"author":[{"embeddable":true,"href":"https:\/\/prensapresidencialvenezuela.gob.ve\/index.php\/wp-json\/wp\/v2\/users\/1"}],"replies":[{"embeddable":true,"href":"https:\/\/prensapresidencialvenezuela.gob.ve\/index.php\/wp-json\/wp\/v2\/comments?post=13689"}],"version-history":[{"count":1,"href":"https:\/\/prensapresidencialvenezuela.gob.ve\/index.php\/wp-json\/wp\/v2\/posts\/13689\/revisions"}],"predecessor-version":[{"id":13691,"href":"https:\/\/prensapresidencialvenezuela.gob.ve\/index.php\/wp-json\/wp\/v2\/posts\/13689\/revisions\/13691"}],"wp:featuredmedia":[{"embeddable":true,"href":"https:\/\/prensapresidencialvenezuela.gob.ve\/index.php\/wp-json\/wp\/v2\/media\/13690"}],"wp:attachment":[{"href":"https:\/\/prensapresidencialvenezuela.gob.ve\/index.php\/wp-json\/wp\/v2\/media?parent=13689"}],"wp:term":[{"taxonomy":"category","embeddable":true,"href":"https:\/\/prensapresidencialvenezuela.gob.ve\/index.php\/wp-json\/wp\/v2\/categories?post=13689"},{"taxonomy":"post_tag","embeddable":true,"href":"https:\/\/prensapresidencialvenezuela.gob.ve\/index.php\/wp-json\/wp\/v2\/tags?post=13689"}],"curies":[{"name":"wp","href":"https:\/\/api.w.org\/{rel}","templated":true}]}}