{"id":13692,"date":"2024-09-25T19:50:00","date_gmt":"2024-09-25T23:50:00","guid":{"rendered":"https:\/\/prensapresidencialvenezuela.gob.ve\/?p=13692"},"modified":"2024-09-26T13:53:55","modified_gmt":"2024-09-26T17:53:55","slug":"presidente-maduro-propone-para-2025-dos-ferias-economicas-comerciales-y-de-inversiones-de-caracter-integral","status":"publish","type":"post","link":"https:\/\/prensapresidencialvenezuela.gob.ve\/index.php\/2024\/09\/25\/presidente-maduro-propone-para-2025-dos-ferias-economicas-comerciales-y-de-inversiones-de-caracter-integral\/","title":{"rendered":"Presidente Maduro propone dos ferias internacionales Venezuela-T\u00fcrkiye para 2025"},"content":{"rendered":"\n<p><strong>La Carlota, estado Miranda.- <\/strong>Desde La Base A\u00e9rea General\u00edsimo Francisco de Miranda, en la II Expoferia de Alto Nivel T\u00fcrkiye Caracas 2024, el presidente de la Rep\u00fablica Bolivariana de Venezuela, Nicol\u00e1s Maduro Moros, propuso al Gobierno de T\u00fcrkiye que, para el venidero a\u00f1o 2025, se realicen dos ferias internacionales.<\/p>\n\n\n\n<p>El Jefe de Estado indic\u00f3 que estas ferias puedes ser econ\u00f3micas, comerciales y de inversiones con car\u00e1cter integral, que puedan realizarse en el primer trimestre de 2025, en T\u00fcrkiye la primera y la otra en el segundo trimestre del mismo a\u00f1o en Venezuela. \u00abCreo que nuestras relaciones ya fueron m\u00e1s all\u00e1 y exigen algo mejor y superior\u00bb, dijo.<\/p>\n\n\n\n<p>Resalt\u00f3, adem\u00e1s, el \u00e9xito de que en la II Expoferia de Alto Nivel est\u00e9n presentes 25 poderosas empresas turcas expositoras de los productos que se traen desde esa importante naci\u00f3n a Venezuela, 40 empresas turcas que vienen a negociar inversiones productivas para el desarrollo de nuestro pa\u00eds y 149 empresas venezolanas del sector productivo exportador.<\/p>\n\n\n\n<p> \u00abEs avanzar en un plan y en un mapa superior, que no solo sea comprar y vender, sino que se trate de inversiones productivas, donde se puedan desarrollar \u00e1reas como la agroindustria, la industria, el turismo y otros sectores econ\u00f3micos de manera integral\u00bb, detall\u00f3.<\/p>\n\n\n\n<p>Tambi\u00e9n destac\u00f3 el presidente Maduro que se pueden hacer grandes acuerdos en materia de seguridad energ\u00e9tica, del gas, la refinaci\u00f3n, la petroqu\u00edmica y del petr\u00f3leo.<\/p>\n\n\n\n<p><strong>El turismo venezolano viene tomando un ritmo tremendo de crecimiento<\/strong><\/p>\n\n\n\n<p>En materia de turismo, el Dignatario pormenoriz\u00f3 que \u00abVenezuela se perfila con un amplio y destacado crecimiento, como uno de sus m\u00e1s robustos motores econ\u00f3micos, ya que en lo cuantitativo y cualitativo, es un turismo con grandes potencialidades, disponiendo de playas, monta\u00f1as, selvas y otras bellezas de Suram\u00e9rica\u00bb, que ser\u00edan de gran atracci\u00f3n a los turistas de T\u00fcrkiye.<\/p>\n\n\n\n<p>Reconoci\u00f3 el impresionante desarrollo del turismo en T\u00fcrkiye, recordando que solo el a\u00f1o pasado 2023, recibieron 55 millones de turistas, que visitaron sus bellezas hist\u00f3ricas y religiosas, de siglos.<\/p>\n\n\n\n<p>De igual manera destac\u00f3 la importante y consolidada conexi\u00f3n comercial entre las l\u00edneas a\u00e9reas Turkish Airlines de T\u00fcrkiye y Conviasa de Venezuela, lo que fortalece la capacidad de crecimiento y desarrollo econ\u00f3mico entre ambas naciones.<\/p>\n\n\n\n<p>Finalmente orden\u00f3 a la ministra del Poder Popular para el Turismo, Leticia G\u00f3mez, avanzar y profundizar de manera acelerada, en grandes acuerdos de turismo compartido entre T\u00fcrkiye y Venezuela.<\/p>\n\n\n\n<p><strong>Prensa Presidencial \/ Atahualpa Calder\u00f3n<\/strong><\/p>\n","protected":false},"excerpt":{"rendered":"<p>La Carlota, estado Miranda.- Desde La Base A\u00e9rea General\u00edsimo Francisco de Miranda, en la II Expoferia de Alto Nivel T\u00fcrkiye Caracas 2024, el presidente de la Rep\u00fablica Bolivariana de Venezuela, Nicol\u00e1s Maduro Moros, propuso al Gobierno de T\u00fcrkiye que, para el venidero a\u00f1o 2025, se realicen dos ferias internacionales. El Jefe de Estado indic\u00f3 que [&hellip;]<\/p>\n","protected":false},"author":1,"featured_media":13693,"comment_status":"open","ping_status":"open","sticky":false,"template":"","format":"standard","meta":{"footnotes":""},"categories":[18,7],"tags":[30,38,19,27,20],"class_list":["post-13692","post","type-post","status-publish","format-standard","has-post-thumbnail","hentry","category-noticias-principales","category-notas-de-prensa","tag-destacado","tag-diplomacia-bolivariana-de-paz","tag-nicolas-maduro","tag-revolucion-bolivariana","tag-venezuela"],"_links":{"self":[{"href":"https:\/\/prensapresidencialvenezuela.gob.ve\/index.php\/wp-json\/wp\/v2\/posts\/13692","targetHints":{"allow":["GET"]}}],"collection":[{"href":"https:\/\/prensapresidencialvenezuela.gob.ve\/index.php\/wp-json\/wp\/v2\/posts"}],"about":[{"href":"https:\/\/prensapresidencialvenezuela.gob.ve\/index.php\/wp-json\/wp\/v2\/types\/post"}],"author":[{"embeddable":true,"href":"https:\/\/prensapresidencialvenezuela.gob.ve\/index.php\/wp-json\/wp\/v2\/users\/1"}],"replies":[{"embeddable":true,"href":"https:\/\/prensapresidencialvenezuela.gob.ve\/index.php\/wp-json\/wp\/v2\/comments?post=13692"}],"version-history":[{"count":2,"href":"https:\/\/prensapresidencialvenezuela.gob.ve\/index.php\/wp-json\/wp\/v2\/posts\/13692\/revisions"}],"predecessor-version":[{"id":13696,"href":"https:\/\/prensapresidencialvenezuela.gob.ve\/index.php\/wp-json\/wp\/v2\/posts\/13692\/revisions\/13696"}],"wp:featuredmedia":[{"embeddable":true,"href":"https:\/\/prensapresidencialvenezuela.gob.ve\/index.php\/wp-json\/wp\/v2\/media\/13693"}],"wp:attachment":[{"href":"https:\/\/prensapresidencialvenezuela.gob.ve\/index.php\/wp-json\/wp\/v2\/media?parent=13692"}],"wp:term":[{"taxonomy":"category","embeddable":true,"href":"https:\/\/prensapresidencialvenezuela.gob.ve\/index.php\/wp-json\/wp\/v2\/categories?post=13692"},{"taxonomy":"post_tag","embeddable":true,"href":"https:\/\/prensapresidencialvenezuela.gob.ve\/index.php\/wp-json\/wp\/v2\/tags?post=13692"}],"curies":[{"name":"wp","href":"https:\/\/api.w.org\/{rel}","templated":true}]}}