{"id":13697,"date":"2024-09-25T20:00:00","date_gmt":"2024-09-26T00:00:00","guid":{"rendered":"https:\/\/prensapresidencialvenezuela.gob.ve\/?p=13697"},"modified":"2024-09-26T14:08:59","modified_gmt":"2024-09-26T18:08:59","slug":"intercambio-comercial-venezuela-turkiye-supera-los-500-millones-de-dolares","status":"publish","type":"post","link":"https:\/\/prensapresidencialvenezuela.gob.ve\/index.php\/2024\/09\/25\/intercambio-comercial-venezuela-turkiye-supera-los-500-millones-de-dolares\/","title":{"rendered":"Intercambio comercial Venezuela-T\u00fcrkiye supera los 500 millones de d\u00f3lares"},"content":{"rendered":"\n<p><strong>La Carlota,estado Miranda.<\/strong> Durante un acto liderado por el jefe de Estado, Nicol\u00e1s Maduro Moros, aprop\u00f3sito de la la inauguraci\u00f3n de la II Expoferia de Alto Nivel T\u00fcrkiye \u2013 Caracas 2024, se inform\u00f3 que el intercambio comercial entre la Rep\u00fablica Bolivariana de Venezuela y la Rep\u00fablica de T\u00fcrkiye supera los 500 millones de d\u00f3lares.<\/p>\n\n\n\n<p>As\u00ed lo destac\u00f3 Alex Saab Mor\u00e1n, presidente del Centro Internacional de Inversi\u00f3n Productiva de Venezuela, quien proyect\u00f3 alcanzar los 800 millones a final de a\u00f1o.<\/p>\n\n\n\n<p>Saab tambi\u00e9n mencion\u00f3 la firma de contratos en diversas \u00e1reas como \u00abpetroqu\u00edmica, en gas, en miner\u00eda, en energ\u00eda, en turismo. Y seguiremos trabajando de la mano de nuestros hermanos de T\u00fcrkiye para seguir fomentando el bienestar de nuestros pueblos y seguir creciendo en esta relaci\u00f3n, ganar-ganar, que se ha venido construyendo en los \u00faltimos 25 a\u00f1os\u00bb.<\/p>\n\n\n\n<p>Por su parte, el presidente Maduro enfatiz\u00f3 la calidad de los productos turcos y la experiencia empresarial del pa\u00eds euroasi\u00e1tico, resaltando que Turqu\u00eda ha logrado su desarrollo con esfuerzo propio, alabando sus avances tecnol\u00f3gicos y cient\u00edficos.<\/p>\n\n\n\n<p>\u00abMuy importante todo este tema: la calidad de los productos que vienen de T\u00fcrkiye, la experiencia empresarial que tienen, la fortaleza de una econom\u00eda poderosa. Y T\u00fcrkiye ha logrado todo lo que tiene con esfuerzo propio, es un buen ejemplo los avances tecnol\u00f3gicos de su propia industria, de sus centros de creaci\u00f3n cient\u00edfica, tecnol\u00f3gica; y la relaci\u00f3n de igual a igual\u00bb, detall\u00f3.<\/p>\n\n\n\n<p>Maduro, al resaltar el aspecto espiritual de la relaci\u00f3n entre ambas naciones, ratifico: \u00abEntre Turqu\u00eda y Venezuela hay un amor sincero. Nos queremos de verdad\u00bb, haciendo \u00e9nfasis en que esta relaci\u00f3n se basa en el respeto mutuo y la admiraci\u00f3n, contrast\u00e1ndola con lo que describi\u00f3 como relaciones hegem\u00f3nicas y colonialistas promovidas por otras naciones.<\/p>\n\n\n\n<p>El presidente venezolano, al hacer una reflexi\u00f3n m\u00e1s amplia sobre las relaciones internacionales, abog\u00f3 por un mundo nuevo basado en el respeto y la paz, en lugar de la guerra y el fascismo.<\/p>\n\n\n\n<p>\u00abSi en alg\u00fan momento, en 12 mil largos a\u00f1os de civilizaci\u00f3n humana, la humanidad estuvo en posibilidad de construir nuevas relaciones no hegem\u00f3nicas, no colonialista, no imperialista, verdaderas relaciones de compartir el destino de este planeta y de desarrollo en base al respeto, es en este momento, es el momento de un mundo nuevo. Algunos lo llaman el mundo multipolar, otros lo llaman el mundo pluripolar o pluric\u00e9ntrico. Y yo le podr\u00eda decir que ese mundo ya naci\u00f3 y es irreversible su consolidaci\u00f3n, no nos llevar\u00e1n a los tiempos de imperios hegem\u00f3nicos, de viejos colonialismos, de divisi\u00f3n, de fascismo y de odio, nadie nos llevar\u00e1 a ese mundo\u00bb, sentenci\u00f3 Maduro.<\/p>\n\n\n\n<p><strong>Prensa Presidencial\/ Eduardo Hueck<\/strong><\/p>\n","protected":false},"excerpt":{"rendered":"<p>La Carlota,estado Miranda. Durante un acto liderado por el jefe de Estado, Nicol\u00e1s Maduro Moros, aprop\u00f3sito de la la inauguraci\u00f3n de la II Expoferia de Alto Nivel T\u00fcrkiye \u2013 Caracas 2024, se inform\u00f3 que el intercambio comercial entre la Rep\u00fablica Bolivariana de Venezuela y la Rep\u00fablica de T\u00fcrkiye supera los 500 millones de d\u00f3lares. As\u00ed [&hellip;]<\/p>\n","protected":false},"author":1,"featured_media":13700,"comment_status":"open","ping_status":"open","sticky":false,"template":"","format":"standard","meta":{"footnotes":""},"categories":[18,7],"tags":[31,30,38,19,27,20],"class_list":["post-13697","post","type-post","status-publish","format-standard","has-post-thumbnail","hentry","category-noticias-principales","category-notas-de-prensa","tag-china","tag-destacado","tag-diplomacia-bolivariana-de-paz","tag-nicolas-maduro","tag-revolucion-bolivariana","tag-venezuela"],"_links":{"self":[{"href":"https:\/\/prensapresidencialvenezuela.gob.ve\/index.php\/wp-json\/wp\/v2\/posts\/13697","targetHints":{"allow":["GET"]}}],"collection":[{"href":"https:\/\/prensapresidencialvenezuela.gob.ve\/index.php\/wp-json\/wp\/v2\/posts"}],"about":[{"href":"https:\/\/prensapresidencialvenezuela.gob.ve\/index.php\/wp-json\/wp\/v2\/types\/post"}],"author":[{"embeddable":true,"href":"https:\/\/prensapresidencialvenezuela.gob.ve\/index.php\/wp-json\/wp\/v2\/users\/1"}],"replies":[{"embeddable":true,"href":"https:\/\/prensapresidencialvenezuela.gob.ve\/index.php\/wp-json\/wp\/v2\/comments?post=13697"}],"version-history":[{"count":1,"href":"https:\/\/prensapresidencialvenezuela.gob.ve\/index.php\/wp-json\/wp\/v2\/posts\/13697\/revisions"}],"predecessor-version":[{"id":13699,"href":"https:\/\/prensapresidencialvenezuela.gob.ve\/index.php\/wp-json\/wp\/v2\/posts\/13697\/revisions\/13699"}],"wp:featuredmedia":[{"embeddable":true,"href":"https:\/\/prensapresidencialvenezuela.gob.ve\/index.php\/wp-json\/wp\/v2\/media\/13700"}],"wp:attachment":[{"href":"https:\/\/prensapresidencialvenezuela.gob.ve\/index.php\/wp-json\/wp\/v2\/media?parent=13697"}],"wp:term":[{"taxonomy":"category","embeddable":true,"href":"https:\/\/prensapresidencialvenezuela.gob.ve\/index.php\/wp-json\/wp\/v2\/categories?post=13697"},{"taxonomy":"post_tag","embeddable":true,"href":"https:\/\/prensapresidencialvenezuela.gob.ve\/index.php\/wp-json\/wp\/v2\/tags?post=13697"}],"curies":[{"name":"wp","href":"https:\/\/api.w.org\/{rel}","templated":true}]}}