{"id":1370,"date":"2022-03-03T16:34:00","date_gmt":"2022-03-03T16:34:00","guid":{"rendered":"http:\/\/172.27.0.121\/?p=1370"},"modified":"2022-06-07T16:36:33","modified_gmt":"2022-06-07T16:36:33","slug":"en-claves-conozca-los-temas-que-debatira-el-ii-congreso-de-la-clase-obrera","status":"publish","type":"post","link":"https:\/\/prensapresidencialvenezuela.gob.ve\/index.php\/2022\/03\/03\/en-claves-conozca-los-temas-que-debatira-el-ii-congreso-de-la-clase-obrera\/","title":{"rendered":"En Claves | Conozca los temas que debatir\u00e1 el II Congreso de la Clase Obrera"},"content":{"rendered":"\n<p><strong>Poliedro de Caracas. \u2013<\/strong> Con la premisa de fortalecer y avanzar en la defensa del trabajo, el presidente de la Rep\u00fablica, Nicol\u00e1s Maduro Moros, dio a conocer los temas que se debatir\u00e1n como parte del II Congreso de la Clase Obrera \u201cJos\u00e9 Chino Khan\u00bb.<\/p>\n\n\n\n<p>\u201cLos temas que se llevar\u00e1n no son f\u00e1ciles, pero hay que llevarlos y confiar en la conciencia y en la capacidad de entendimiento de la clase obrera\u201d, subray\u00f3 el presidente Maduro, al saludar este encuentro que re\u00fane a todos los trabajadores y trabajadoras del pa\u00eds.<\/p>\n\n\n\n<p>Los temas que ser\u00e1n debatidos son los siguientes:<\/p>\n\n\n\n<p>\u2022 El capitalismo mundial y la crisis imperialista.<br>\u2022 La creciente crisis del hegem\u00f3n norteamericano.<br>\u2022 La construcci\u00f3n del socialismo.<br>\u2022 La crisis de la guerra econ\u00f3mica contra el salario.<br>\u2022 El desaf\u00edo mundial de la clase obrera.<br>\u2022 El partido y la direcci\u00f3n revolucionaria.<br>\u2022 El reto de la formaci\u00f3n para la clase obrera.<br>\u2022 La clase obrera y la defensa integral de la Patria.<br>\u2022 La clase obrera y la comunicaci\u00f3n.<\/p>\n\n\n\n<p>El Jefe de Estado reiter\u00f3 la importancia en la profundizaci\u00f3n de los debates, pues es gracias a la conciencia de la clase obrera que se han resistido las pretensiones imperialistas que buscan desestabilizar la naci\u00f3n venezolana.<\/p>\n\n\n\n<p><strong>Prensa Presidencial\/Eduardo Hueck<\/strong><\/p>\n","protected":false},"excerpt":{"rendered":"<p>Poliedro de Caracas. \u2013 Con la premisa de fortalecer y avanzar en la defensa del trabajo, el presidente de la Rep\u00fablica, Nicol\u00e1s Maduro Moros, dio a conocer los temas que se debatir\u00e1n como parte del II Congreso de la Clase Obrera \u201cJos\u00e9 Chino Khan\u00bb. \u201cLos temas que se llevar\u00e1n no son f\u00e1ciles, pero hay que [&hellip;]<\/p>\n","protected":false},"author":6,"featured_media":1371,"comment_status":"open","ping_status":"open","sticky":false,"template":"","format":"standard","meta":{"footnotes":""},"categories":[7],"tags":[],"class_list":["post-1370","post","type-post","status-publish","format-standard","has-post-thumbnail","hentry","category-notas-de-prensa"],"_links":{"self":[{"href":"https:\/\/prensapresidencialvenezuela.gob.ve\/index.php\/wp-json\/wp\/v2\/posts\/1370","targetHints":{"allow":["GET"]}}],"collection":[{"href":"https:\/\/prensapresidencialvenezuela.gob.ve\/index.php\/wp-json\/wp\/v2\/posts"}],"about":[{"href":"https:\/\/prensapresidencialvenezuela.gob.ve\/index.php\/wp-json\/wp\/v2\/types\/post"}],"author":[{"embeddable":true,"href":"https:\/\/prensapresidencialvenezuela.gob.ve\/index.php\/wp-json\/wp\/v2\/users\/6"}],"replies":[{"embeddable":true,"href":"https:\/\/prensapresidencialvenezuela.gob.ve\/index.php\/wp-json\/wp\/v2\/comments?post=1370"}],"version-history":[{"count":1,"href":"https:\/\/prensapresidencialvenezuela.gob.ve\/index.php\/wp-json\/wp\/v2\/posts\/1370\/revisions"}],"predecessor-version":[{"id":1372,"href":"https:\/\/prensapresidencialvenezuela.gob.ve\/index.php\/wp-json\/wp\/v2\/posts\/1370\/revisions\/1372"}],"wp:featuredmedia":[{"embeddable":true,"href":"https:\/\/prensapresidencialvenezuela.gob.ve\/index.php\/wp-json\/wp\/v2\/media\/1371"}],"wp:attachment":[{"href":"https:\/\/prensapresidencialvenezuela.gob.ve\/index.php\/wp-json\/wp\/v2\/media?parent=1370"}],"wp:term":[{"taxonomy":"category","embeddable":true,"href":"https:\/\/prensapresidencialvenezuela.gob.ve\/index.php\/wp-json\/wp\/v2\/categories?post=1370"},{"taxonomy":"post_tag","embeddable":true,"href":"https:\/\/prensapresidencialvenezuela.gob.ve\/index.php\/wp-json\/wp\/v2\/tags?post=1370"}],"curies":[{"name":"wp","href":"https:\/\/api.w.org\/{rel}","templated":true}]}}