{"id":13711,"date":"2024-09-25T21:55:00","date_gmt":"2024-09-26T01:55:00","guid":{"rendered":"https:\/\/prensapresidencialvenezuela.gob.ve\/?p=13711"},"modified":"2024-09-26T16:34:30","modified_gmt":"2024-09-26T20:34:30","slug":"presidente-maduro-proyecta-equilibrio-comercial-entre-venezuela-y-turkiye-para-este-ano","status":"publish","type":"post","link":"https:\/\/prensapresidencialvenezuela.gob.ve\/index.php\/2024\/09\/25\/presidente-maduro-proyecta-equilibrio-comercial-entre-venezuela-y-turkiye-para-este-ano\/","title":{"rendered":"Presidente Maduro proyecta equilibrio comercial entre Venezuela y T\u00fcrkiye para este a\u00f1o"},"content":{"rendered":"\n<p><strong>La Carlota, estado Miranda.- <\/strong>El presidente de la Rep\u00fablica Bolivariana de Venezuela, Nicol\u00e1s Maduro, durante una entrevista con el periodista Luis Guillermo Garc\u00eda, del Canal TeleSUR, revel\u00f3 detalles significativos sobre el crecimiento y las perspectivas de las relaciones comerciales entre Venezuela y T\u00fcrkiye.<\/p>\n\n\n\n<p>\u00abEstamos logrando lo que se llama un equilibrio en la balanza comercial, que es el sue\u00f1o dorado de cualquier relaci\u00f3n econ\u00f3mica con un pa\u00eds\u00bb, puntualiz\u00f3.<\/p>\n\n\n\n<p>Maduro anunci\u00f3 que para finales de 2024, se espera que el intercambio comercial entre ambos pa\u00edses alcance aproximadamente 800 millones de d\u00f3lares, destacando de la proyecci\u00f3n el equilibrio previsto en la balanza comercial.<\/p>\n\n\n\n<p>\u00abEste a\u00f1o se va a llegar aproximadamente a 800 millones de d\u00f3lares de intercambio comercial\u00bb, indic\u00f3 el Dignatario venezolano. Al desglosar estas cifras, explic\u00f3: \u00abCuatrocientos que exportamos para all\u00e1 y cuatrocientos que compramos de all\u00e1\u00bb, inform\u00f3.<\/p>\n\n\n\n<p>Maduro elogi\u00f3 la calidad de los productos intercambiados, mencionando: \u00abReales productos producidos \u2014valga la expresi\u00f3n\u2014, por el inmenso aparato econ\u00f3mico de T\u00fcrkiye, de gran calidad y con productos producidos en Venezuela\u00bb.<\/p>\n\n\n\n<p>Mirando hacia el futuro, el Presidente expres\u00f3 un optimismo considerable sobre el potencial de crecimiento en las relaciones econ\u00f3micas entre ambos pa\u00edses.<\/p>\n\n\n\n<p>\u00abLas perspectivas de desarrollo, de inversi\u00f3n, de lo econ\u00f3mico se pierden de vista\u00bb, declar\u00f3 Maduro, a\u00f1adiendo: \u00abEstamos en las puertas de un salto econ\u00f3mico en la relaci\u00f3n integral entre los dos pa\u00edses\u00bb.<\/p>\n\n\n\n<p><strong>Prensa Presidencial\/ Eduardo Hueck<\/strong><\/p>\n\n\n\n<p><\/p>\n","protected":false},"excerpt":{"rendered":"<p>La Carlota, estado Miranda.- El presidente de la Rep\u00fablica Bolivariana de Venezuela, Nicol\u00e1s Maduro, durante una entrevista con el periodista Luis Guillermo Garc\u00eda, del Canal TeleSUR, revel\u00f3 detalles significativos sobre el crecimiento y las perspectivas de las relaciones comerciales entre Venezuela y T\u00fcrkiye. \u00abEstamos logrando lo que se llama un equilibrio en la balanza comercial, [&hellip;]<\/p>\n","protected":false},"author":1,"featured_media":13713,"comment_status":"open","ping_status":"open","sticky":false,"template":"","format":"standard","meta":{"footnotes":""},"categories":[18,7],"tags":[30,38,21,19,27,20],"class_list":["post-13711","post","type-post","status-publish","format-standard","has-post-thumbnail","hentry","category-noticias-principales","category-notas-de-prensa","tag-destacado","tag-diplomacia-bolivariana-de-paz","tag-economia-venezolana","tag-nicolas-maduro","tag-revolucion-bolivariana","tag-venezuela"],"_links":{"self":[{"href":"https:\/\/prensapresidencialvenezuela.gob.ve\/index.php\/wp-json\/wp\/v2\/posts\/13711","targetHints":{"allow":["GET"]}}],"collection":[{"href":"https:\/\/prensapresidencialvenezuela.gob.ve\/index.php\/wp-json\/wp\/v2\/posts"}],"about":[{"href":"https:\/\/prensapresidencialvenezuela.gob.ve\/index.php\/wp-json\/wp\/v2\/types\/post"}],"author":[{"embeddable":true,"href":"https:\/\/prensapresidencialvenezuela.gob.ve\/index.php\/wp-json\/wp\/v2\/users\/1"}],"replies":[{"embeddable":true,"href":"https:\/\/prensapresidencialvenezuela.gob.ve\/index.php\/wp-json\/wp\/v2\/comments?post=13711"}],"version-history":[{"count":4,"href":"https:\/\/prensapresidencialvenezuela.gob.ve\/index.php\/wp-json\/wp\/v2\/posts\/13711\/revisions"}],"predecessor-version":[{"id":13729,"href":"https:\/\/prensapresidencialvenezuela.gob.ve\/index.php\/wp-json\/wp\/v2\/posts\/13711\/revisions\/13729"}],"wp:featuredmedia":[{"embeddable":true,"href":"https:\/\/prensapresidencialvenezuela.gob.ve\/index.php\/wp-json\/wp\/v2\/media\/13713"}],"wp:attachment":[{"href":"https:\/\/prensapresidencialvenezuela.gob.ve\/index.php\/wp-json\/wp\/v2\/media?parent=13711"}],"wp:term":[{"taxonomy":"category","embeddable":true,"href":"https:\/\/prensapresidencialvenezuela.gob.ve\/index.php\/wp-json\/wp\/v2\/categories?post=13711"},{"taxonomy":"post_tag","embeddable":true,"href":"https:\/\/prensapresidencialvenezuela.gob.ve\/index.php\/wp-json\/wp\/v2\/tags?post=13711"}],"curies":[{"name":"wp","href":"https:\/\/api.w.org\/{rel}","templated":true}]}}