{"id":13721,"date":"2024-09-25T22:10:00","date_gmt":"2024-09-26T02:10:00","guid":{"rendered":"https:\/\/prensapresidencialvenezuela.gob.ve\/?p=13721"},"modified":"2024-09-26T16:45:02","modified_gmt":"2024-09-26T20:45:02","slug":"ivan-duque-tenia-acceso-a-telefonos-de-lideres-del-gobierno-bolivariano-por-medio-de-pegasus","status":"publish","type":"post","link":"https:\/\/prensapresidencialvenezuela.gob.ve\/index.php\/2024\/09\/25\/ivan-duque-tenia-acceso-a-telefonos-de-lideres-del-gobierno-bolivariano-por-medio-de-pegasus\/","title":{"rendered":"Iv\u00e1n Duque ten\u00eda acceso a tel\u00e9fonos de l\u00edderes del Gobierno Bolivariano por medio de Pegasus\u00a0"},"content":{"rendered":"\n<p><strong>La Carlota, estado Miranda.-<\/strong><strong> <\/strong>En entrevista concedida al Canal TeleSur, este 25 de septiembre, el presidente de la Rep\u00fablica Bolivariana de Venezuela, Nicol\u00e1s Maduro Moros, realiz\u00f3 algunos se\u00f1alamientos con respecto al sistema de espionaje virtual Pegasus, adquirido por el gobierno del expresidente colombiano Iv\u00e1n Duque.<\/p>\n\n\n\n<p>El jefe de Estado detall\u00f3 que su Gobierno fue advertido del acceso que ten\u00eda Duque a tel\u00e9fonos de importantes l\u00edderes pol\u00edticos, sociales, civiles, militares y policiales de Venezuela, con el objetivo de conspirar para tratar de matarlos y en particular una persecuci\u00f3n obsesiva contra su persona.<\/p>\n\n\n\n<p>\u00abDuque tambi\u00e9n estuvo brindando apoyo en su momento a Juan Guaid\u00f3, para un asalto violento y dar un golpe de Estado en Venezuela\u00bb, refiri\u00f3 el Mandatario venezolano.<\/p>\n\n\n\n<p>Tras el escandalo en Colombia por este sistema de espionaje Pegasus, el presidente Maduro apunt\u00f3 que est\u00e1 siendo utilizado en un plan para derrocar al presidente Gustavo Petro de manera simult\u00e1nea y de la misma forma hacer da\u00f1o en Venezuela.<\/p>\n\n\n\n<p>\u00ab\u00bfEn manos de qui\u00e9n est\u00e1 ese sistema de espionaje? \u00bfPara qu\u00e9 est\u00e1 siendo utilizado ahora? Yo s\u00ed s\u00e9\u00bb, argument\u00f3 el jefe de Estado.<\/p>\n\n\n\n<p>En su declaraci\u00f3n resalt\u00f3 que el plan para derrocar o asesinar al presidente Petro lo dirigen los mismos del plan fascista que buscan llenar de violencia a Venezuela y derrocar el Gobierno Revolucionario.<\/p>\n\n\n\n<p><strong>Duque detr\u00e1s de cr\u00edmenes sangrientos en Colombia<\/strong><\/p>\n\n\n\n<p>Tambi\u00e9n ha se\u00f1alado el Mandatario Nacional que en su momento fueron denunciamos los cr\u00edmenes sangrientos que cometi\u00f3 el expresidente Duque dentro de Colombia con el llamado \u201cestallido social\u201d, la protesta por el asesinato de los j\u00f3venes que se llamaban de \u201cla primera l\u00ednea\u201d, tanto en Cali, al suroeste de Bogot\u00e1, capital de Colombia; como en Medell\u00edn, capital de la provincia de Antioqu\u00eda.<\/p>\n\n\n\n<p>\u00abS\u00e9 lo que digo, porque nosotros sab\u00edamos mucho de las cosas que pasaba en el Palacio de Nari\u00f1o (\u2026). Luego \u00e9l compr\u00f3 el sistema Pegasus\u00bb, devel\u00f3.<\/p>\n\n\n\n<p><strong>Iv\u00e1n Duque en el asesinato de Jovenel Mo\u00efse<\/strong><\/p>\n\n\n\n<p>De igual manera, enfatiz\u00f3 en la participaci\u00f3n de Iv\u00e1n Duque en el asesinato del presidente Jovenel Mo\u00efse de Hait\u00ed, en julio de 2021, por un grupo de mercenarios colombianos, y luego trataron de involucrar a Venezuela.<\/p>\n\n\n\n<p>Estos mismos grupos de sicarios estaban comprometidos en otras operaciones en Suram\u00e9rica y respond\u00edan al Palacio de Nari\u00f1o, al cual catalog\u00f3 el presidente Maduro, como una m\u00e1quina de cr\u00edmenes, asesinatos y de espionaje en el gobierno de Duque.<\/p>\n\n\n\n<p><strong>Organismos estadounidenses captan a mercenarios y sicarios<\/strong><\/p>\n\n\n\n<p>Tambi\u00e9n inform\u00f3 que el Gobierno Bolivariano tiene pruebas suficientes que involucran a la Agencia Central de Inteligencia (CIA), a la Agencia de Administraci\u00f3n y Control de Drogas (DEA), y al Bur\u00f3 Federal de Investigaciones (FBI), en la captaci\u00f3n de sicarios y mercenarios en Colombia. \u00abTienen b\u00fanker en Bogot\u00e1\u00bb.<\/p>\n\n\n\n<p>Asimismo, resalt\u00f3 que pese a esto, instituciones y el pueblo colombiano quieren la paz para Venezuela y Colombia. \u00abLa estabilidad pol\u00edtica en Colombia es la paz y la estabilidad en Venezuela\u00bb, concluy\u00f3.<\/p>\n\n\n\n<p><strong>Prensa Presidencial \/ Atahualpa Calder\u00f3n<\/strong><strong><\/strong><\/p>\n","protected":false},"excerpt":{"rendered":"<p>La Carlota, estado Miranda.- En entrevista concedida al Canal TeleSur, este 25 de septiembre, el presidente de la Rep\u00fablica Bolivariana de Venezuela, Nicol\u00e1s Maduro Moros, realiz\u00f3 algunos se\u00f1alamientos con respecto al sistema de espionaje virtual Pegasus, adquirido por el gobierno del expresidente colombiano Iv\u00e1n Duque. El jefe de Estado detall\u00f3 que su Gobierno fue advertido [&hellip;]<\/p>\n","protected":false},"author":1,"featured_media":13708,"comment_status":"open","ping_status":"open","sticky":false,"template":"","format":"standard","meta":{"footnotes":""},"categories":[18,7],"tags":[38,19,20],"class_list":["post-13721","post","type-post","status-publish","format-standard","has-post-thumbnail","hentry","category-noticias-principales","category-notas-de-prensa","tag-diplomacia-bolivariana-de-paz","tag-nicolas-maduro","tag-venezuela"],"_links":{"self":[{"href":"https:\/\/prensapresidencialvenezuela.gob.ve\/index.php\/wp-json\/wp\/v2\/posts\/13721","targetHints":{"allow":["GET"]}}],"collection":[{"href":"https:\/\/prensapresidencialvenezuela.gob.ve\/index.php\/wp-json\/wp\/v2\/posts"}],"about":[{"href":"https:\/\/prensapresidencialvenezuela.gob.ve\/index.php\/wp-json\/wp\/v2\/types\/post"}],"author":[{"embeddable":true,"href":"https:\/\/prensapresidencialvenezuela.gob.ve\/index.php\/wp-json\/wp\/v2\/users\/1"}],"replies":[{"embeddable":true,"href":"https:\/\/prensapresidencialvenezuela.gob.ve\/index.php\/wp-json\/wp\/v2\/comments?post=13721"}],"version-history":[{"count":2,"href":"https:\/\/prensapresidencialvenezuela.gob.ve\/index.php\/wp-json\/wp\/v2\/posts\/13721\/revisions"}],"predecessor-version":[{"id":13731,"href":"https:\/\/prensapresidencialvenezuela.gob.ve\/index.php\/wp-json\/wp\/v2\/posts\/13721\/revisions\/13731"}],"wp:featuredmedia":[{"embeddable":true,"href":"https:\/\/prensapresidencialvenezuela.gob.ve\/index.php\/wp-json\/wp\/v2\/media\/13708"}],"wp:attachment":[{"href":"https:\/\/prensapresidencialvenezuela.gob.ve\/index.php\/wp-json\/wp\/v2\/media?parent=13721"}],"wp:term":[{"taxonomy":"category","embeddable":true,"href":"https:\/\/prensapresidencialvenezuela.gob.ve\/index.php\/wp-json\/wp\/v2\/categories?post=13721"},{"taxonomy":"post_tag","embeddable":true,"href":"https:\/\/prensapresidencialvenezuela.gob.ve\/index.php\/wp-json\/wp\/v2\/tags?post=13721"}],"curies":[{"name":"wp","href":"https:\/\/api.w.org\/{rel}","templated":true}]}}