{"id":13735,"date":"2024-09-26T17:14:00","date_gmt":"2024-09-26T21:14:00","guid":{"rendered":"https:\/\/prensapresidencialvenezuela.gob.ve\/?p=13735"},"modified":"2024-09-26T17:14:01","modified_gmt":"2024-09-26T21:14:01","slug":"presidente-agradece-al-pueblo-y-a-las-fuerzas-militares-por-mantener-la-paz-en-el-pais","status":"publish","type":"post","link":"https:\/\/prensapresidencialvenezuela.gob.ve\/index.php\/2024\/09\/26\/presidente-agradece-al-pueblo-y-a-las-fuerzas-militares-por-mantener-la-paz-en-el-pais\/","title":{"rendered":"Presidente agradece al pueblo y a las fuerzas militares por mantener la paz en el pa\u00eds"},"content":{"rendered":"\n<p><strong>Fuerte Tiuna, Caracas.-<\/strong> El presidente de la Rep\u00fablica Bolivariana de Venezuela, Nicol\u00e1s Maduro, junto al Comando Estrat\u00e9gico Operacional de la Fuerza Armada Nacional Bolivariana, a prop\u00f3sito de su XIX aniversario, calific\u00f3 que hay una campa\u00f1a de guerra hibrida, de la que ha sido objeto Venezuela por parte de los Estados Unidos.<\/p>\n\n\n\n<p>Algunos de los visitantes que llegan del mundo, no se explican algunas cosas, c\u00f3mo somos capaces de reponernos ante tantas conspiraciones y complots, y de reponernos en tiempo r\u00e9cord de tantas amenazas y agresiones, explic\u00f3 el presidente Maduro.<\/p>\n\n\n\n<p>Tambi\u00e9n, especific\u00f3: \u00abRecientemente hemos vivido varias de ellas, pudi\u00e9ramos hacer un balance completo integral, siempre en uni\u00f3n popular, c\u00edvico militar policial. La fusi\u00f3n es el n\u00facleo vital del bloqueo hist\u00f3rico, popular, bolivariano, zamorista, socialista, del siglo XXI. El n\u00facleo poderoso, es la uni\u00f3n popular militar policial, con una doctrina, un plan, una estrategia, una visi\u00f3n de Patria, de naci\u00f3n libre y soberana\u00bb.<\/p>\n\n\n\n<p>\u201cLas campa\u00f1as contra Venezuela, la guerra hibrida multidimensional que hay contra Venezuela, dirigida por los EE.UU. y el poder imperial de los EE.UU., tiene como elemento principal la guerra psicol\u00f3gica; tiene mayor poder de fuego, porque cuenta con las redes sociales, tambi\u00e9n como las agencias de noticias (\u2026), como CCN, la BBC (\u2026)\u201d, destac\u00f3 el presidente Maduro.<\/p>\n\n\n\n<p>En referencia a la guerra comunicacional en el mundo y su poder hegem\u00f3nico por parte de los Estados Unidos, reflexion\u00f3: \u00abCuentan con las redes sociales para su guerra contra el mundo, no s\u00f3lo contra Venezuela. Ellos imponen un relato en la realidad virtual, muchos saben que detr\u00e1s de ese relato hay una verdad, tenemos el apoyo inmenso de la humanidad, de los pueblos del mundo, la inmensa mayor\u00eda como se est\u00e1 demostrando en la ONU, de pa\u00edses y gobiernos del mundo, porque buscan m\u00e1s all\u00e1 del relato de manipulaci\u00f3n y de mentira\u00bb.<\/p>\n\n\n\n<p><strong>Sobre la Guerra psicol\u00f3g<a><\/a>ica en Venezuela<\/strong><\/p>\n\n\n\n<p>Asimismo, describi\u00f3 la guerra psicol\u00f3gica y el efecto en la poblaci\u00f3n venezolana: \u00abAfecta de manera directa e indirecta, todas las formas de guerra psicol\u00f3gica que hubo utilizaron mecanismos como <em>WhatsApp<\/em>, hicieron espionaje entre el pueblo. Miles, millones de jefes populares de UBCH, calle, CLAP, milicianos, recibieron mensajes personalizados a su <em>WhatsApp<\/em> amenazando a sus hijos, abuelos, mensajes espec\u00edficos, con detalles de d\u00f3nde viv\u00edan y d\u00f3nde actuaban, una operaci\u00f3n de terrorismo psicol\u00f3gico\u00bb.<\/p>\n\n\n\n<p>Por \u00faltimo, concluy\u00f3: \u00abLa guerra el\u00e9ctrica contin\u00faa, hemos sufrido ataques el\u00e9ctricos a los sistemas de transmisi\u00f3n en los \u00faltimos d\u00edas, que se ha repuesto de manera inmediata, por el trabajo heroico de los trabajadores del sector el\u00e9ctrico del pa\u00eds. \u00bfQui\u00e9n est\u00e1 detr\u00e1s de todo este ataque al sistema el\u00e9ctrico? Los mismos que estuvieron detr\u00e1s del ataque fascista del 29 al 30 de julio, pretendieron llenar de sangre al pa\u00eds, desatar una guerra civil para hacer un llamado a la intervenci\u00f3n extranjera\u00bb.<\/p>\n\n\n\n<p>Hemos pasado una prueba que ha demostrado que el pueblo de Venezuela, sus fuerzas militares y policiales, tienen gran capacidad de reacci\u00f3n, control de restablecimiento constitucional de la paz. (\u2026) Que tenemos que garantizar por siempre.<\/p>\n\n\n\n<p>El jefe de Estado felicit\u00f3 el esfuerzo de la Fuerza Armada Nacional Bolivariana (FANB): \u00abDel esfuerzo que hemos hecho han surgido las victorias que hemos tenido y Venezuela est\u00e1 en paz, estabilidad, normalidad. Tengo que transmitirle las gracias de todo un pueblo, a&nbsp; nuestras fuerzas militares y extenderlas a nuestras fuerzas militares y populares\u00bb.<\/p>\n\n\n\n<p><strong>Prensa presidencial \/ Geraldine Quintero.<\/strong><\/p>\n","protected":false},"excerpt":{"rendered":"<p>Fuerte Tiuna, Caracas.- El presidente de la Rep\u00fablica Bolivariana de Venezuela, Nicol\u00e1s Maduro, junto al Comando Estrat\u00e9gico Operacional de la Fuerza Armada Nacional Bolivariana, a prop\u00f3sito de su XIX aniversario, calific\u00f3 que hay una campa\u00f1a de guerra hibrida, de la que ha sido objeto Venezuela por parte de los Estados Unidos. Algunos de los visitantes [&hellip;]<\/p>\n","protected":false},"author":1,"featured_media":13736,"comment_status":"open","ping_status":"open","sticky":false,"template":"","format":"standard","meta":{"footnotes":""},"categories":[18,7],"tags":[65,557,451],"class_list":["post-13735","post","type-post","status-publish","format-standard","has-post-thumbnail","hentry","category-noticias-principales","category-notas-de-prensa","tag-fanb","tag-paz","tag-pueblo"],"_links":{"self":[{"href":"https:\/\/prensapresidencialvenezuela.gob.ve\/index.php\/wp-json\/wp\/v2\/posts\/13735","targetHints":{"allow":["GET"]}}],"collection":[{"href":"https:\/\/prensapresidencialvenezuela.gob.ve\/index.php\/wp-json\/wp\/v2\/posts"}],"about":[{"href":"https:\/\/prensapresidencialvenezuela.gob.ve\/index.php\/wp-json\/wp\/v2\/types\/post"}],"author":[{"embeddable":true,"href":"https:\/\/prensapresidencialvenezuela.gob.ve\/index.php\/wp-json\/wp\/v2\/users\/1"}],"replies":[{"embeddable":true,"href":"https:\/\/prensapresidencialvenezuela.gob.ve\/index.php\/wp-json\/wp\/v2\/comments?post=13735"}],"version-history":[{"count":1,"href":"https:\/\/prensapresidencialvenezuela.gob.ve\/index.php\/wp-json\/wp\/v2\/posts\/13735\/revisions"}],"predecessor-version":[{"id":13737,"href":"https:\/\/prensapresidencialvenezuela.gob.ve\/index.php\/wp-json\/wp\/v2\/posts\/13735\/revisions\/13737"}],"wp:featuredmedia":[{"embeddable":true,"href":"https:\/\/prensapresidencialvenezuela.gob.ve\/index.php\/wp-json\/wp\/v2\/media\/13736"}],"wp:attachment":[{"href":"https:\/\/prensapresidencialvenezuela.gob.ve\/index.php\/wp-json\/wp\/v2\/media?parent=13735"}],"wp:term":[{"taxonomy":"category","embeddable":true,"href":"https:\/\/prensapresidencialvenezuela.gob.ve\/index.php\/wp-json\/wp\/v2\/categories?post=13735"},{"taxonomy":"post_tag","embeddable":true,"href":"https:\/\/prensapresidencialvenezuela.gob.ve\/index.php\/wp-json\/wp\/v2\/tags?post=13735"}],"curies":[{"name":"wp","href":"https:\/\/api.w.org\/{rel}","templated":true}]}}