{"id":13738,"date":"2024-09-26T17:25:06","date_gmt":"2024-09-26T21:25:06","guid":{"rendered":"https:\/\/prensapresidencialvenezuela.gob.ve\/?p=13738"},"modified":"2024-09-26T17:25:07","modified_gmt":"2024-09-26T21:25:07","slug":"presidente-ordena-incrementar-los-planes-de-proteccion-del-sistema-electrico-nacional","status":"publish","type":"post","link":"https:\/\/prensapresidencialvenezuela.gob.ve\/index.php\/2024\/09\/26\/presidente-ordena-incrementar-los-planes-de-proteccion-del-sistema-electrico-nacional\/","title":{"rendered":"Presidente ordena incrementar los planes de protecci\u00f3n del sistema el\u00e9ctrico nacional"},"content":{"rendered":"\n<p><strong>Fuerte Tiuna, Caracas.-<\/strong> El presidente de la Rep\u00fablica Bolivariana de Venezuela, Nicol\u00e1s Maduro, instruy\u00f3 incrementar los planes de protecci\u00f3n del sistema el\u00e9ctrico nacional.<\/p>\n\n\n\n<p>\u00abNo podemos bajar la guardia frente a los fascistas\u00bb, expres\u00f3 al precisar que las instrucciones para cumplir esta tarea se las ha girado al M\/G Jorge M\u00e1rquez y al Estado Mayor presente en el acto del 19\u00b0 Aniversario del CEOFANB.<\/p>\n\n\n\n<p>En diversas ocasiones, el jefe de Estado ha abordado el tema de la guerra el\u00e9ctrica contra la Naci\u00f3n, centr\u00e1ndose en los ataques a la central hidroel\u00e9ctrica de Guri.<\/p>\n\n\n\n<p>En este sentido, ratific\u00f3 que su gobierno ha enfrentado intentos de desestabilizaci\u00f3n, destacando que los responsables de estos ataques est\u00e1n \u00abpresos con pruebas, convictos y confesos\u00bb.<\/p>\n\n\n\n<p>El presidente Nicol\u00e1s Maduro hizo un llamado a la unidad nacional, agradeciendo a las Fuerzas Armadas y al pueblo venezolano por su constante vigilancia y apoyo. Este gesto refuerza un sentido de comunidad y colaboraci\u00f3n en la defensa del pa\u00eds.<\/p>\n\n\n\n<p>Maduro subray\u00f3 la importancia de mantener la paz y la estabilidad en Venezuela, enviando un mensaje positivo a la poblaci\u00f3n.<\/p>\n\n\n\n<p>Adem\u00e1s, destac\u00f3 el \u00e9xito de la reciente campa\u00f1a electoral, que se desarroll\u00f3 sin incidentes negativos, reafirmando el derecho de los ciudadanos a participar en el proceso democr\u00e1tico.<\/p>\n\n\n\n<p>El presidente tambi\u00e9n mostr\u00f3 su apoyo al presidente colombiano Gustavo Petro en su b\u00fasqueda de la paz, lo que significa un esfuerzo por afianzar las buenas relaciones con la naci\u00f3n hermana.<\/p>\n\n\n\n<p><strong>Prensa Presidencial \/ Fresme Bonilla<\/strong><\/p>\n","protected":false},"excerpt":{"rendered":"<p>Fuerte Tiuna, Caracas.- El presidente de la Rep\u00fablica Bolivariana de Venezuela, Nicol\u00e1s Maduro, instruy\u00f3 incrementar los planes de protecci\u00f3n del sistema el\u00e9ctrico nacional. \u00abNo podemos bajar la guardia frente a los fascistas\u00bb, expres\u00f3 al precisar que las instrucciones para cumplir esta tarea se las ha girado al M\/G Jorge M\u00e1rquez y al Estado Mayor presente [&hellip;]<\/p>\n","protected":false},"author":1,"featured_media":13739,"comment_status":"open","ping_status":"open","sticky":false,"template":"","format":"standard","meta":{"footnotes":""},"categories":[18,7],"tags":[530,477,482,506],"class_list":["post-13738","post","type-post","status-publish","format-standard","has-post-thumbnail","hentry","category-noticias-principales","category-notas-de-prensa","tag-electrico","tag-gobierno","tag-planes","tag-sistema"],"_links":{"self":[{"href":"https:\/\/prensapresidencialvenezuela.gob.ve\/index.php\/wp-json\/wp\/v2\/posts\/13738","targetHints":{"allow":["GET"]}}],"collection":[{"href":"https:\/\/prensapresidencialvenezuela.gob.ve\/index.php\/wp-json\/wp\/v2\/posts"}],"about":[{"href":"https:\/\/prensapresidencialvenezuela.gob.ve\/index.php\/wp-json\/wp\/v2\/types\/post"}],"author":[{"embeddable":true,"href":"https:\/\/prensapresidencialvenezuela.gob.ve\/index.php\/wp-json\/wp\/v2\/users\/1"}],"replies":[{"embeddable":true,"href":"https:\/\/prensapresidencialvenezuela.gob.ve\/index.php\/wp-json\/wp\/v2\/comments?post=13738"}],"version-history":[{"count":1,"href":"https:\/\/prensapresidencialvenezuela.gob.ve\/index.php\/wp-json\/wp\/v2\/posts\/13738\/revisions"}],"predecessor-version":[{"id":13740,"href":"https:\/\/prensapresidencialvenezuela.gob.ve\/index.php\/wp-json\/wp\/v2\/posts\/13738\/revisions\/13740"}],"wp:featuredmedia":[{"embeddable":true,"href":"https:\/\/prensapresidencialvenezuela.gob.ve\/index.php\/wp-json\/wp\/v2\/media\/13739"}],"wp:attachment":[{"href":"https:\/\/prensapresidencialvenezuela.gob.ve\/index.php\/wp-json\/wp\/v2\/media?parent=13738"}],"wp:term":[{"taxonomy":"category","embeddable":true,"href":"https:\/\/prensapresidencialvenezuela.gob.ve\/index.php\/wp-json\/wp\/v2\/categories?post=13738"},{"taxonomy":"post_tag","embeddable":true,"href":"https:\/\/prensapresidencialvenezuela.gob.ve\/index.php\/wp-json\/wp\/v2\/tags?post=13738"}],"curies":[{"name":"wp","href":"https:\/\/api.w.org\/{rel}","templated":true}]}}