{"id":13744,"date":"2024-09-26T18:35:32","date_gmt":"2024-09-26T22:35:32","guid":{"rendered":"https:\/\/prensapresidencialvenezuela.gob.ve\/?p=13744"},"modified":"2024-09-26T18:35:33","modified_gmt":"2024-09-26T22:35:33","slug":"sistemas-de-seguridad-nacional-se-perfeccionan-y-blindan-de-nuevas-formas-de-guerra","status":"publish","type":"post","link":"https:\/\/prensapresidencialvenezuela.gob.ve\/index.php\/2024\/09\/26\/sistemas-de-seguridad-nacional-se-perfeccionan-y-blindan-de-nuevas-formas-de-guerra\/","title":{"rendered":"Sistemas de seguridad nacional se perfeccionan y blindan de nuevas formas de guerra \u00a0\u00a0"},"content":{"rendered":"\n<p><strong>Fuerte Tiuna, Caracas.- <\/strong>Durante el XIX Aniversario del Comando Estrat\u00e9gico Operacional de la Fuerza Armada Nacional Bolivariana (CEOFANB), el presidente de la Rep\u00fablica, Nicol\u00e1s Maduro, enfatiz\u00f3 sobre la importancia de perfeccionar los sistemas de seguridad del pa\u00eds, destacando la que se debe adaptar a las nuevas formas de guerra y a las amenazas cibern\u00e9ticas.<\/p>\n\n\n\n<p>Maduro revel\u00f3 que se ha elaborado un informe del Consejo de Ciberseguridad de la Naci\u00f3n, que detalla los ataques recientes a infraestructuras de comunicaci\u00f3n en el L\u00edbano, sugiriendo que estos m\u00e9todos podr\u00edan ser replicados en Venezuela.<\/p>\n\n\n\n<p>\u00ab(\u2026) Sobre las razones del ataque a radios, a <em>beepers<\/em> o busca personas se llamaban en Venezuela, <em>Walkie Talkies<\/em>, celulares de una marca espec\u00edfica que sembraron durante a\u00f1os y atacaron a miles de personas civiles, entre la poblaci\u00f3n\u00bb.<\/p>\n\n\n\n<p>En este sentido, indic\u00f3: \u00abTenemos mucha informaci\u00f3n de inteligencia, revisen todos los equipos que se hayan comprado, todos los equipos que existan. Y m\u00e1xima seguridad cibern\u00e9tica integral. M\u00e1xima seguridad\u00bb.<\/p>\n\n\n\n<p>El Mandatario tambi\u00e9n abord\u00f3 el desarrollo de capacidades antidrones, mencionando que se han llevado a cabo estudios internacionales para enfrentar esta nueva amenaza. \u00abEs crucial contar con defensas antidrones en todos los objetivos vitales como aeropuertos y puertos\u00bb, a\u00f1adi\u00f3.<\/p>\n\n\n\n<p>Adem\u00e1s, Maduro inst\u00f3 al vicepresidente Sectorial de Soberan\u00eda Pol\u00edtica, Seguridad y Paz, Vladimir Padrino L\u00f3pez, llevar a cabo una reingenier\u00eda de los procesos de inteligencia y contrainteligencia \u00abestrat\u00e9gica, militar y policial, del Estado venezolano, para adaptarlo a las nuevas circunstancias del siglo XXI y en especial a las circunstancias de Venezuela\u00bb, orden\u00f3.<\/p>\n\n\n\n<p>\u00abNosotros hemos dado pasos gigantescos. Si no tuvi\u00e9ramos una inteligencia y contrainteligencia como las que tenemos, no tuvi\u00e9ramos todas las victorias que hemos acumulado, pero hace falta hacer una reingenier\u00eda\u00bb, sostuvo.<\/p>\n\n\n\n<p>El Comandante en Jefe de la FANB, Nicol\u00e1s Maduro, tambi\u00e9n hizo referencia a las agresiones sufridas por otros pa\u00edses, como Irak y Siria, subrayando la importancia de aprender de estos conflictos para fortalecer la defensa nacional.<\/p>\n\n\n\n<p>\u00abOtro elemento muy importante que quer\u00eda acotar para lo que es el concepto de adaptaci\u00f3n a los nuevos medios de la guerra, es estudiar las agresiones que han sufrido los pueblos de Irak, Afganist\u00e1n, Libia, Siria y las recientes agresiones al pueblo de Rusia, las recientes agresiones y genocidios contra el pueblo de Palestina, de Gaza y el genocidio en pleno desarrollo contra el pueblo del L\u00edbano. Estudi\u00e9moslo y comparemos para hacer de nuestra Fuerza Armada y a nuestro pa\u00eds, un pa\u00eds inexpugnable. El que bien se prepara merece la victoria\u00bb, concluy\u00f3.<\/p>\n\n\n\n<p><strong>Prensa Presidencial \/ Eduardo Hueck<\/strong><\/p>\n\n\n\n<p><\/p>\n","protected":false},"excerpt":{"rendered":"<p>Fuerte Tiuna, Caracas.- Durante el XIX Aniversario del Comando Estrat\u00e9gico Operacional de la Fuerza Armada Nacional Bolivariana (CEOFANB), el presidente de la Rep\u00fablica, Nicol\u00e1s Maduro, enfatiz\u00f3 sobre la importancia de perfeccionar los sistemas de seguridad del pa\u00eds, destacando la que se debe adaptar a las nuevas formas de guerra y a las amenazas cibern\u00e9ticas. Maduro [&hellip;]<\/p>\n","protected":false},"author":1,"featured_media":13745,"comment_status":"open","ping_status":"open","sticky":false,"template":"","format":"standard","meta":{"footnotes":""},"categories":[18,7],"tags":[593,890,20],"class_list":["post-13744","post","type-post","status-publish","format-standard","has-post-thumbnail","hentry","category-noticias-principales","category-notas-de-prensa","tag-seguridad","tag-sistemas","tag-venezuela"],"_links":{"self":[{"href":"https:\/\/prensapresidencialvenezuela.gob.ve\/index.php\/wp-json\/wp\/v2\/posts\/13744","targetHints":{"allow":["GET"]}}],"collection":[{"href":"https:\/\/prensapresidencialvenezuela.gob.ve\/index.php\/wp-json\/wp\/v2\/posts"}],"about":[{"href":"https:\/\/prensapresidencialvenezuela.gob.ve\/index.php\/wp-json\/wp\/v2\/types\/post"}],"author":[{"embeddable":true,"href":"https:\/\/prensapresidencialvenezuela.gob.ve\/index.php\/wp-json\/wp\/v2\/users\/1"}],"replies":[{"embeddable":true,"href":"https:\/\/prensapresidencialvenezuela.gob.ve\/index.php\/wp-json\/wp\/v2\/comments?post=13744"}],"version-history":[{"count":1,"href":"https:\/\/prensapresidencialvenezuela.gob.ve\/index.php\/wp-json\/wp\/v2\/posts\/13744\/revisions"}],"predecessor-version":[{"id":13746,"href":"https:\/\/prensapresidencialvenezuela.gob.ve\/index.php\/wp-json\/wp\/v2\/posts\/13744\/revisions\/13746"}],"wp:featuredmedia":[{"embeddable":true,"href":"https:\/\/prensapresidencialvenezuela.gob.ve\/index.php\/wp-json\/wp\/v2\/media\/13745"}],"wp:attachment":[{"href":"https:\/\/prensapresidencialvenezuela.gob.ve\/index.php\/wp-json\/wp\/v2\/media?parent=13744"}],"wp:term":[{"taxonomy":"category","embeddable":true,"href":"https:\/\/prensapresidencialvenezuela.gob.ve\/index.php\/wp-json\/wp\/v2\/categories?post=13744"},{"taxonomy":"post_tag","embeddable":true,"href":"https:\/\/prensapresidencialvenezuela.gob.ve\/index.php\/wp-json\/wp\/v2\/tags?post=13744"}],"curies":[{"name":"wp","href":"https:\/\/api.w.org\/{rel}","templated":true}]}}