{"id":13750,"date":"2024-09-28T20:49:03","date_gmt":"2024-09-29T00:49:03","guid":{"rendered":"https:\/\/prensapresidencialvenezuela.gob.ve\/?p=13750"},"modified":"2024-09-29T12:15:29","modified_gmt":"2024-09-29T16:15:29","slug":"venezuela-asombra-al-mundo-en-la-onu-y-recibe-palabras-de-admiracion-por-victoria-del-28-de-julio","status":"publish","type":"post","link":"https:\/\/prensapresidencialvenezuela.gob.ve\/index.php\/2024\/09\/28\/venezuela-asombra-al-mundo-en-la-onu-y-recibe-palabras-de-admiracion-por-victoria-del-28-de-julio\/","title":{"rendered":"En la ONU Venezuela recibe palabras de admiraci\u00f3n por la victoria del 28 de julio"},"content":{"rendered":"\n<p>Catia La Mar, estado La Guaira \u2013 El presidente de la Rep\u00fablica Bolivariana de Venezuela, Nicol\u00e1s Maduro, frente al Poder Popular en la cinta costera La Marina, en el estado La Guaira, inform\u00f3 que en conversaci\u00f3n con el canciller venezolano, Yv\u00e1n Gil, en el contexto de la 79\u00b0 per\u00edodo de sesiones de la\u00a0 Asamblea General de la ONU, \u201cdecenas de pa\u00edses han manifestado su apoyo por la victoria electoral del 28 de julio\u201d.<\/p>\n\n\n\n<p>\u201cEn la ONU se ha reunido con m\u00e1s de cien pa\u00edses defendiendo a Venezuela, se han impresionado, estoy conmovido porque decenas de pa\u00edses han manifestado&nbsp; su apoyo a la victoria electoral, del pueblo de Venezuela, del 28 de julio y vamos creciendo\u201d, subray\u00f3 el presidente Maduro.<\/p>\n\n\n\n<p>\u201cSiempre perseverante, con la verdad, el amor, el amor lo puede todo, a nosotros nos mueve, una idea de Patria grande, que la estamos construyendo y la vamos a ver con nuestros ojos, la Patria de la prosperidad, tiempos milagrosos llegaron para Venezuela, no han podido, ni podr\u00e1n, los demonios ni las demonias\u201d, destac\u00f3 el Jefe de Estado.<\/p>\n\n\n\n<p>Asimismo, apunt\u00f3 que \u201cellos (la ultraderecha) pretendieron movilizar y fracasaron hace un mes, yo les dije (\u2026) Ante el fracaso, la sayona se espicho y quedaron espichaditos, al enjambre no le llegaron las abejas se van con el brujo, no han podido (\u2026) a nosotros nos protege&nbsp; nuestro Dios creador, el que se mete con nosotros, la patria Ch\u00e1vez con Maduro, el pueblo, se seca, ll\u00e1mese como se llame, estamos protegidos y bendecidos\u201d.&nbsp;<\/p>\n\n\n\n<p><strong>Sobre el ataque al Sistema El\u00e9ctrico Nacional<\/strong><\/p>\n\n\n\n<p>Tambi\u00e9n denunci\u00f3 que estemes los fascistas han atacado el servicio el\u00e9ctrico. \u201cNosotros estamos en un proceso de limpieza, revisi\u00f3n reestructuraci\u00f3n de la empresa el\u00e9ctrica para que verdaderamente, los infiltrados salgan de ah\u00ed, atacaron Guri\u201d.<\/p>\n\n\n\n<p>Concluy\u00f3 se\u00f1alando la importancia de la unidad nacional e hizo referencia al \u201cbarco de la Armada Nacional Bolivariana que es el s\u00edmbolo de la uni\u00f3n, ese es el mensaje que quiero llevar (\u2026).<\/p>\n\n\n\n<p>Prensa Presidencial \/ Geraldine Quintero <a><\/a><\/p>\n","protected":false},"excerpt":{"rendered":"<p>Catia La Mar, estado La Guaira \u2013 El presidente de la Rep\u00fablica Bolivariana de Venezuela, Nicol\u00e1s Maduro, frente al Poder Popular en la cinta costera La Marina, en el estado La Guaira, inform\u00f3 que en conversaci\u00f3n con el canciller venezolano, Yv\u00e1n Gil, en el contexto de la 79\u00b0 per\u00edodo de sesiones de la\u00a0 Asamblea General [&hellip;]<\/p>\n","protected":false},"author":1,"featured_media":13751,"comment_status":"open","ping_status":"open","sticky":false,"template":"","format":"standard","meta":{"footnotes":""},"categories":[18,7],"tags":[29,628,20,544],"class_list":["post-13750","post","type-post","status-publish","format-standard","has-post-thumbnail","hentry","category-noticias-principales","category-notas-de-prensa","tag-onu","tag-respaldo","tag-venezuela","tag-victoria"],"_links":{"self":[{"href":"https:\/\/prensapresidencialvenezuela.gob.ve\/index.php\/wp-json\/wp\/v2\/posts\/13750","targetHints":{"allow":["GET"]}}],"collection":[{"href":"https:\/\/prensapresidencialvenezuela.gob.ve\/index.php\/wp-json\/wp\/v2\/posts"}],"about":[{"href":"https:\/\/prensapresidencialvenezuela.gob.ve\/index.php\/wp-json\/wp\/v2\/types\/post"}],"author":[{"embeddable":true,"href":"https:\/\/prensapresidencialvenezuela.gob.ve\/index.php\/wp-json\/wp\/v2\/users\/1"}],"replies":[{"embeddable":true,"href":"https:\/\/prensapresidencialvenezuela.gob.ve\/index.php\/wp-json\/wp\/v2\/comments?post=13750"}],"version-history":[{"count":4,"href":"https:\/\/prensapresidencialvenezuela.gob.ve\/index.php\/wp-json\/wp\/v2\/posts\/13750\/revisions"}],"predecessor-version":[{"id":13774,"href":"https:\/\/prensapresidencialvenezuela.gob.ve\/index.php\/wp-json\/wp\/v2\/posts\/13750\/revisions\/13774"}],"wp:featuredmedia":[{"embeddable":true,"href":"https:\/\/prensapresidencialvenezuela.gob.ve\/index.php\/wp-json\/wp\/v2\/media\/13751"}],"wp:attachment":[{"href":"https:\/\/prensapresidencialvenezuela.gob.ve\/index.php\/wp-json\/wp\/v2\/media?parent=13750"}],"wp:term":[{"taxonomy":"category","embeddable":true,"href":"https:\/\/prensapresidencialvenezuela.gob.ve\/index.php\/wp-json\/wp\/v2\/categories?post=13750"},{"taxonomy":"post_tag","embeddable":true,"href":"https:\/\/prensapresidencialvenezuela.gob.ve\/index.php\/wp-json\/wp\/v2\/tags?post=13750"}],"curies":[{"name":"wp","href":"https:\/\/api.w.org\/{rel}","templated":true}]}}